{"id":69229,"date":"2014-03-13T12:11:38","date_gmt":"2014-03-13T11:11:38","guid":{"rendered":"https:\/\/familiamartinezbujanda.madisonmk.agency\/familia-martinez-bujanda-present-in-the-most-important-wine-trade-fairs"},"modified":"2023-06-05T12:41:46","modified_gmt":"2023-06-05T10:41:46","slug":"familia-martinez-bujanda-present-in-the-most-important-wine-trade-fairs","status":"publish","type":"post","link":"https:\/\/familiamartinezbujanda.com\/en\/familia-martinez-bujanda-present-in-the-most-important-wine-trade-fairs\/","title":{"rendered":"Familia Mart\u00ednez Bujanda present in the most important wine trade fairs"},"content":{"rendered":"<p style=\"text-align: justify;\"><i>This March, it will participate in the following fairs: Prowein in Dusseldorf, Alimentaria in Barcelona, Gourmets in Madrid and the Rioja Wine Show in China.  <\/i><\/p>\n<p style=\"text-align: justify;\">Familia Mart\u00ednez Bujanda will be present during this month of March in the most important wine and gastronomy fairs, where it will present the new vintages of its most emblematic wines.<\/p>\n<p style=\"text-align: justify;\"><b>At Prowein<\/b> it will participate in the Spanish pavilion with its own stand, located in <b>hall 4, No. B30<\/b>. Prowein is a European benchmark in gastronomic and wine fairs and is held every year in the German city of D\u00fcsseldorf. The dates for this new edition are <b>March 23-25<\/b>.<\/p>\n<p style=\"text-align: justify;\"><a href=\".\/wp-content\/uploads\/2014\/03\/ferias1-e1394808170452.jpg\"><img fetchpriority=\"high\" decoding=\"async\" class=\"alignleft size-full wp-image-1019\" alt=\"fairs1\" src=\".\/wp-content\/uploads\/2014\/03\/ferias1-e1394808170452.jpg\" width=\"300\" height=\"199\"><\/a>After Prowein, it is the turn of <b>Alimentaria<\/b>, which will be held in Barcelona from March 31 to April 3. It is one of the most important food and beverage trade fairs in the world, where more than 3,800 companies from the sector will meet and where more than 140,000 visitors are expected to gather.<\/p>\n<p style=\"text-align: justify;\">An appointment in which <b>Familia Mart\u00ednez Bujanda<\/b> had to be present, with its own stand located in the <b>Gran V\u00eda enclosure, pavilion 3, street F, stand 130 <\/b>.  <\/p>\n<p style=\"text-align: justify;\">At both fairs, the winery group will offer visitors the wines of its five wineries; Finca Valpiedra and Vi\u00f1a Bujanda in the Ca. Rioja, Finca Antigua in DO La Mancha, Finca Montepedroso D.O. Rueda, and Cosecheros &amp; Criadores, Vinos de la Tierra de Castilla.<\/p>\n<p style=\"text-align: justify;\">A unique opportunity to taste the new vintages, as well as the rest of the wines in the portfolio that will be available at the stands. Among the new wines are <b>Finca Montepedroso <\/b><b>2013<\/b>, the new Vi\u00f1a Bujanda young wines and the Reserva 2009. In addition to the <b>Finca Antigua Viura 2013<\/b> and single varietals such as Tempranillo, Syrah and Garnacha, all from the 2011 vintage.<\/p>\n<p style=\"text-align: justify;\">In addition, during the month of March, its wines have also been present at the  <b>XVII Edition of the Sal\u00f3n Gourmets<\/b>held in Madrid and at the  <b>III Rioja Wine Show in China<\/b>  which was held in the Chinese cities of: Shanghai, Beijing and Canton where Finca Valpiedra and Vi\u00f1a Bujanda wines have been tasted.<\/p>\n<p style=\"text-align: justify;\">All these fairs join other activities that Familia Mart\u00ednez Bujanda has been developing since the beginning of the year to promote its wines in its 125th Anniversary.<\/p>\n","protected":false},"excerpt":{"rendered":"<p>This March, it will participate in the following fairs: Prowein in Dusseldorf, Alimentaria in Barcelona, Gourmets in Madrid and the Rioja Wine Show in China. Familia Mart\u00ednez Bujanda will be present during this month of March in the most important wine and gastronomy fairs, where it will present the new vintages of its most emblematic [&hellip;]<\/p>\n","protected":false},"author":3754,"featured_media":67986,"comment_status":"open","ping_status":"open","sticky":false,"template":"","format":"standard","meta":{"iawp_total_views":0,"footnotes":""},"categories":[1552,1553],"tags":[],"class_list":["post-69229","post","type-post","status-publish","format-standard","has-post-thumbnail","hentry","category-familia-martinez-bujanda-en","category-our-wines","entry","has-media","owp-thumbs-layout-horizontal","owp-btn-normal","owp-tabs-layout-horizontal","has-no-thumbnails"],"yoast_head":"<!-- This site is optimized with the Yoast SEO plugin v27.0 - https:\/\/yoast.com\/product\/yoast-seo-wordpress\/ -->\n<title>Familia Mart\u00ednez Bujanda present in the most important wine trade fairs | Familia Mart\u00ednez Bujanda<\/title>\n<meta name=\"robots\" content=\"index, follow, max-snippet:-1, max-image-preview:large, max-video-preview:-1\" \/>\n<link rel=\"canonical\" href=\"https:\/\/familiamartinezbujanda.com\/en\/familia-martinez-bujanda-present-in-the-most-important-wine-trade-fairs\/\" \/>\n<meta property=\"og:locale\" content=\"en_US\" \/>\n<meta property=\"og:type\" content=\"article\" \/>\n<meta property=\"og:title\" content=\"Familia Mart\u00ednez Bujanda present in the most important wine trade fairs | Familia Mart\u00ednez Bujanda\" \/>\n<meta property=\"og:description\" content=\"This March, it will participate in the following fairs: Prowein in Dusseldorf, Alimentaria in Barcelona, Gourmets in Madrid and the Rioja Wine Show in China. Familia Mart\u00ednez Bujanda will be present during this month of March in the most important wine and gastronomy fairs, where it will present the new vintages of its most emblematic [&hellip;]\" \/>\n<meta property=\"og:url\" content=\"https:\/\/familiamartinezbujanda.com\/en\/familia-martinez-bujanda-present-in-the-most-important-wine-trade-fairs\/\" \/>\n<meta property=\"og:site_name\" content=\"Familia Mart\u00ednez Bujanda\" \/>\n<meta property=\"article:published_time\" content=\"2014-03-13T11:11:38+00:00\" \/>\n<meta property=\"article:modified_time\" content=\"2023-06-05T10:41:46+00:00\" \/>\n<meta property=\"og:image\" content=\"https:\/\/familiamartinezbujanda.com\/wp-content\/uploads\/2014\/03\/ferias_des.jpg\" \/>\n\t<meta property=\"og:image:width\" content=\"608\" \/>\n\t<meta property=\"og:image:height\" content=\"247\" \/>\n\t<meta property=\"og:image:type\" content=\"image\/jpeg\" \/>\n<meta name=\"author\" content=\"Patricia Regidor\" \/>\n<meta name=\"twitter:card\" content=\"summary_large_image\" \/>\n<meta name=\"twitter:label1\" content=\"Written by\" \/>\n\t<meta name=\"twitter:data1\" content=\"Patricia Regidor\" \/>\n\t<meta name=\"twitter:label2\" content=\"Est. reading time\" \/>\n\t<meta name=\"twitter:data2\" content=\"2 minutes\" \/>\n<script type=\"application\/ld+json\" class=\"yoast-schema-graph\">{\"@context\":\"https:\/\/schema.org\",\"@graph\":[{\"@type\":\"Article\",\"@id\":\"https:\/\/familiamartinezbujanda.com\/en\/familia-martinez-bujanda-present-in-the-most-important-wine-trade-fairs\/#article\",\"isPartOf\":{\"@id\":\"https:\/\/familiamartinezbujanda.com\/en\/familia-martinez-bujanda-present-in-the-most-important-wine-trade-fairs\/\"},\"author\":{\"name\":\"Patricia Regidor\",\"@id\":\"https:\/\/familiamartinezbujanda.com\/en\/#\/schema\/person\/a0de5cd908ac9e26722fb5a3b3695484\"},\"headline\":\"Familia Mart\u00ednez Bujanda present in the most important wine trade fairs\",\"datePublished\":\"2014-03-13T11:11:38+00:00\",\"dateModified\":\"2023-06-05T10:41:46+00:00\",\"mainEntityOfPage\":{\"@id\":\"https:\/\/familiamartinezbujanda.com\/en\/familia-martinez-bujanda-present-in-the-most-important-wine-trade-fairs\/\"},\"wordCount\":389,\"commentCount\":0,\"publisher\":{\"@id\":\"https:\/\/familiamartinezbujanda.com\/en\/#organization\"},\"image\":{\"@id\":\"https:\/\/familiamartinezbujanda.com\/en\/familia-martinez-bujanda-present-in-the-most-important-wine-trade-fairs\/#primaryimage\"},\"thumbnailUrl\":\"https:\/\/familiamartinezbujanda.com\/wp-content\/uploads\/2014\/03\/ferias_des.jpg\",\"articleSection\":[\"Familia Mart\u00ednez Bujanda\",\"Our wines\"],\"inLanguage\":\"en-US\",\"potentialAction\":[{\"@type\":\"CommentAction\",\"name\":\"Comment\",\"target\":[\"https:\/\/familiamartinezbujanda.com\/en\/familia-martinez-bujanda-present-in-the-most-important-wine-trade-fairs\/#respond\"]}]},{\"@type\":\"WebPage\",\"@id\":\"https:\/\/familiamartinezbujanda.com\/en\/familia-martinez-bujanda-present-in-the-most-important-wine-trade-fairs\/\",\"url\":\"https:\/\/familiamartinezbujanda.com\/en\/familia-martinez-bujanda-present-in-the-most-important-wine-trade-fairs\/\",\"name\":\"Familia Mart\u00ednez Bujanda present in the most important wine trade fairs | Familia Mart\u00ednez Bujanda\",\"isPartOf\":{\"@id\":\"https:\/\/familiamartinezbujanda.com\/en\/#website\"},\"primaryImageOfPage\":{\"@id\":\"https:\/\/familiamartinezbujanda.com\/en\/familia-martinez-bujanda-present-in-the-most-important-wine-trade-fairs\/#primaryimage\"},\"image\":{\"@id\":\"https:\/\/familiamartinezbujanda.com\/en\/familia-martinez-bujanda-present-in-the-most-important-wine-trade-fairs\/#primaryimage\"},\"thumbnailUrl\":\"https:\/\/familiamartinezbujanda.com\/wp-content\/uploads\/2014\/03\/ferias_des.jpg\",\"datePublished\":\"2014-03-13T11:11:38+00:00\",\"dateModified\":\"2023-06-05T10:41:46+00:00\",\"breadcrumb\":{\"@id\":\"https:\/\/familiamartinezbujanda.com\/en\/familia-martinez-bujanda-present-in-the-most-important-wine-trade-fairs\/#breadcrumb\"},\"inLanguage\":\"en-US\",\"potentialAction\":[{\"@type\":\"ReadAction\",\"target\":[\"https:\/\/familiamartinezbujanda.com\/en\/familia-martinez-bujanda-present-in-the-most-important-wine-trade-fairs\/\"]}]},{\"@type\":\"ImageObject\",\"inLanguage\":\"en-US\",\"@id\":\"https:\/\/familiamartinezbujanda.com\/en\/familia-martinez-bujanda-present-in-the-most-important-wine-trade-fairs\/#primaryimage\",\"url\":\"https:\/\/familiamartinezbujanda.com\/wp-content\/uploads\/2014\/03\/ferias_des.jpg\",\"contentUrl\":\"https:\/\/familiamartinezbujanda.com\/wp-content\/uploads\/2014\/03\/ferias_des.jpg\",\"width\":608,\"height\":247},{\"@type\":\"BreadcrumbList\",\"@id\":\"https:\/\/familiamartinezbujanda.com\/en\/familia-martinez-bujanda-present-in-the-most-important-wine-trade-fairs\/#breadcrumb\",\"itemListElement\":[{\"@type\":\"ListItem\",\"position\":1,\"name\":\"Portada\",\"item\":\"https:\/\/familiamartinezbujanda.com\/en\/inicio\/\"},{\"@type\":\"ListItem\",\"position\":2,\"name\":\"Familia Mart\u00ednez Bujanda present in the most important wine trade fairs\"}]},{\"@type\":\"WebSite\",\"@id\":\"https:\/\/familiamartinezbujanda.com\/en\/#website\",\"url\":\"https:\/\/familiamartinezbujanda.com\/en\/\",\"name\":\"Familia Mart\u00ednez Bujanda\",\"description\":\"Cinco bodegas conforman Familia Mart\u00ednez-Bujanda: Finca Valpiedra (DOCa Rioja), Finca Antigua (DO La Mancha), Finca Montepedroso (DO Rueda), Vi\u00f1a Bujanda ...\",\"publisher\":{\"@id\":\"https:\/\/familiamartinezbujanda.com\/en\/#organization\"},\"potentialAction\":[{\"@type\":\"SearchAction\",\"target\":{\"@type\":\"EntryPoint\",\"urlTemplate\":\"https:\/\/familiamartinezbujanda.com\/en\/?s={search_term_string}\"},\"query-input\":{\"@type\":\"PropertyValueSpecification\",\"valueRequired\":true,\"valueName\":\"search_term_string\"}}],\"inLanguage\":\"en-US\"},{\"@type\":\"Organization\",\"@id\":\"https:\/\/familiamartinezbujanda.com\/en\/#organization\",\"name\":\"Familia Mart\u00ednez Bujanda\",\"url\":\"https:\/\/familiamartinezbujanda.com\/en\/\",\"logo\":{\"@type\":\"ImageObject\",\"inLanguage\":\"en-US\",\"@id\":\"https:\/\/familiamartinezbujanda.com\/en\/#\/schema\/logo\/image\/\",\"url\":\"https:\/\/www.familiamartinezbujanda.com\/wp-content\/uploads\/2022\/06\/favicon.jpg\",\"contentUrl\":\"https:\/\/www.familiamartinezbujanda.com\/wp-content\/uploads\/2022\/06\/favicon.jpg\",\"width\":512,\"height\":512,\"caption\":\"Familia Mart\u00ednez Bujanda\"},\"image\":{\"@id\":\"https:\/\/familiamartinezbujanda.com\/en\/#\/schema\/logo\/image\/\"}},{\"@type\":\"Person\",\"@id\":\"https:\/\/familiamartinezbujanda.com\/en\/#\/schema\/person\/a0de5cd908ac9e26722fb5a3b3695484\",\"name\":\"Patricia Regidor\",\"image\":{\"@type\":\"ImageObject\",\"inLanguage\":\"en-US\",\"@id\":\"https:\/\/familiamartinezbujanda.com\/en\/#\/schema\/person\/image\/\",\"url\":\"https:\/\/secure.gravatar.com\/avatar\/a596c6b53eda7e1d9627342f0e2806c8ea0ece6b92357b70e2c9826c1c70aafd?s=96&d=mm&r=g\",\"contentUrl\":\"https:\/\/secure.gravatar.com\/avatar\/a596c6b53eda7e1d9627342f0e2806c8ea0ece6b92357b70e2c9826c1c70aafd?s=96&d=mm&r=g\",\"caption\":\"Patricia Regidor\"}}]}<\/script>\n<!-- \/ Yoast SEO plugin. -->","yoast_head_json":{"title":"Familia Mart\u00ednez Bujanda present in the most important wine trade fairs | Familia Mart\u00ednez Bujanda","robots":{"index":"index","follow":"follow","max-snippet":"max-snippet:-1","max-image-preview":"max-image-preview:large","max-video-preview":"max-video-preview:-1"},"canonical":"https:\/\/familiamartinezbujanda.com\/en\/familia-martinez-bujanda-present-in-the-most-important-wine-trade-fairs\/","og_locale":"en_US","og_type":"article","og_title":"Familia Mart\u00ednez Bujanda present in the most important wine trade fairs | Familia Mart\u00ednez Bujanda","og_description":"This March, it will participate in the following fairs: Prowein in Dusseldorf, Alimentaria in Barcelona, Gourmets in Madrid and the Rioja Wine Show in China. Familia Mart\u00ednez Bujanda will be present during this month of March in the most important wine and gastronomy fairs, where it will present the new vintages of its most emblematic [&hellip;]","og_url":"https:\/\/familiamartinezbujanda.com\/en\/familia-martinez-bujanda-present-in-the-most-important-wine-trade-fairs\/","og_site_name":"Familia Mart\u00ednez Bujanda","article_published_time":"2014-03-13T11:11:38+00:00","article_modified_time":"2023-06-05T10:41:46+00:00","og_image":[{"width":608,"height":247,"url":"https:\/\/familiamartinezbujanda.com\/wp-content\/uploads\/2014\/03\/ferias_des.jpg","type":"image\/jpeg"}],"author":"Patricia Regidor","twitter_card":"summary_large_image","twitter_misc":{"Written by":"Patricia Regidor","Est. reading time":"2 minutes"},"schema":{"@context":"https:\/\/schema.org","@graph":[{"@type":"Article","@id":"https:\/\/familiamartinezbujanda.com\/en\/familia-martinez-bujanda-present-in-the-most-important-wine-trade-fairs\/#article","isPartOf":{"@id":"https:\/\/familiamartinezbujanda.com\/en\/familia-martinez-bujanda-present-in-the-most-important-wine-trade-fairs\/"},"author":{"name":"Patricia Regidor","@id":"https:\/\/familiamartinezbujanda.com\/en\/#\/schema\/person\/a0de5cd908ac9e26722fb5a3b3695484"},"headline":"Familia Mart\u00ednez Bujanda present in the most important wine trade fairs","datePublished":"2014-03-13T11:11:38+00:00","dateModified":"2023-06-05T10:41:46+00:00","mainEntityOfPage":{"@id":"https:\/\/familiamartinezbujanda.com\/en\/familia-martinez-bujanda-present-in-the-most-important-wine-trade-fairs\/"},"wordCount":389,"commentCount":0,"publisher":{"@id":"https:\/\/familiamartinezbujanda.com\/en\/#organization"},"image":{"@id":"https:\/\/familiamartinezbujanda.com\/en\/familia-martinez-bujanda-present-in-the-most-important-wine-trade-fairs\/#primaryimage"},"thumbnailUrl":"https:\/\/familiamartinezbujanda.com\/wp-content\/uploads\/2014\/03\/ferias_des.jpg","articleSection":["Familia Mart\u00ednez Bujanda","Our wines"],"inLanguage":"en-US","potentialAction":[{"@type":"CommentAction","name":"Comment","target":["https:\/\/familiamartinezbujanda.com\/en\/familia-martinez-bujanda-present-in-the-most-important-wine-trade-fairs\/#respond"]}]},{"@type":"WebPage","@id":"https:\/\/familiamartinezbujanda.com\/en\/familia-martinez-bujanda-present-in-the-most-important-wine-trade-fairs\/","url":"https:\/\/familiamartinezbujanda.com\/en\/familia-martinez-bujanda-present-in-the-most-important-wine-trade-fairs\/","name":"Familia Mart\u00ednez Bujanda present in the most important wine trade fairs | Familia Mart\u00ednez Bujanda","isPartOf":{"@id":"https:\/\/familiamartinezbujanda.com\/en\/#website"},"primaryImageOfPage":{"@id":"https:\/\/familiamartinezbujanda.com\/en\/familia-martinez-bujanda-present-in-the-most-important-wine-trade-fairs\/#primaryimage"},"image":{"@id":"https:\/\/familiamartinezbujanda.com\/en\/familia-martinez-bujanda-present-in-the-most-important-wine-trade-fairs\/#primaryimage"},"thumbnailUrl":"https:\/\/familiamartinezbujanda.com\/wp-content\/uploads\/2014\/03\/ferias_des.jpg","datePublished":"2014-03-13T11:11:38+00:00","dateModified":"2023-06-05T10:41:46+00:00","breadcrumb":{"@id":"https:\/\/familiamartinezbujanda.com\/en\/familia-martinez-bujanda-present-in-the-most-important-wine-trade-fairs\/#breadcrumb"},"inLanguage":"en-US","potentialAction":[{"@type":"ReadAction","target":["https:\/\/familiamartinezbujanda.com\/en\/familia-martinez-bujanda-present-in-the-most-important-wine-trade-fairs\/"]}]},{"@type":"ImageObject","inLanguage":"en-US","@id":"https:\/\/familiamartinezbujanda.com\/en\/familia-martinez-bujanda-present-in-the-most-important-wine-trade-fairs\/#primaryimage","url":"https:\/\/familiamartinezbujanda.com\/wp-content\/uploads\/2014\/03\/ferias_des.jpg","contentUrl":"https:\/\/familiamartinezbujanda.com\/wp-content\/uploads\/2014\/03\/ferias_des.jpg","width":608,"height":247},{"@type":"BreadcrumbList","@id":"https:\/\/familiamartinezbujanda.com\/en\/familia-martinez-bujanda-present-in-the-most-important-wine-trade-fairs\/#breadcrumb","itemListElement":[{"@type":"ListItem","position":1,"name":"Portada","item":"https:\/\/familiamartinezbujanda.com\/en\/inicio\/"},{"@type":"ListItem","position":2,"name":"Familia Mart\u00ednez Bujanda present in the most important wine trade fairs"}]},{"@type":"WebSite","@id":"https:\/\/familiamartinezbujanda.com\/en\/#website","url":"https:\/\/familiamartinezbujanda.com\/en\/","name":"Familia Mart\u00ednez Bujanda","description":"Cinco bodegas conforman Familia Mart\u00ednez-Bujanda: Finca Valpiedra (DOCa Rioja), Finca Antigua (DO La Mancha), Finca Montepedroso (DO Rueda), Vi\u00f1a Bujanda ...","publisher":{"@id":"https:\/\/familiamartinezbujanda.com\/en\/#organization"},"potentialAction":[{"@type":"SearchAction","target":{"@type":"EntryPoint","urlTemplate":"https:\/\/familiamartinezbujanda.com\/en\/?s={search_term_string}"},"query-input":{"@type":"PropertyValueSpecification","valueRequired":true,"valueName":"search_term_string"}}],"inLanguage":"en-US"},{"@type":"Organization","@id":"https:\/\/familiamartinezbujanda.com\/en\/#organization","name":"Familia Mart\u00ednez Bujanda","url":"https:\/\/familiamartinezbujanda.com\/en\/","logo":{"@type":"ImageObject","inLanguage":"en-US","@id":"https:\/\/familiamartinezbujanda.com\/en\/#\/schema\/logo\/image\/","url":"https:\/\/www.familiamartinezbujanda.com\/wp-content\/uploads\/2022\/06\/favicon.jpg","contentUrl":"https:\/\/www.familiamartinezbujanda.com\/wp-content\/uploads\/2022\/06\/favicon.jpg","width":512,"height":512,"caption":"Familia Mart\u00ednez Bujanda"},"image":{"@id":"https:\/\/familiamartinezbujanda.com\/en\/#\/schema\/logo\/image\/"}},{"@type":"Person","@id":"https:\/\/familiamartinezbujanda.com\/en\/#\/schema\/person\/a0de5cd908ac9e26722fb5a3b3695484","name":"Patricia Regidor","image":{"@type":"ImageObject","inLanguage":"en-US","@id":"https:\/\/familiamartinezbujanda.com\/en\/#\/schema\/person\/image\/","url":"https:\/\/secure.gravatar.com\/avatar\/a596c6b53eda7e1d9627342f0e2806c8ea0ece6b92357b70e2c9826c1c70aafd?s=96&d=mm&r=g","contentUrl":"https:\/\/secure.gravatar.com\/avatar\/a596c6b53eda7e1d9627342f0e2806c8ea0ece6b92357b70e2c9826c1c70aafd?s=96&d=mm&r=g","caption":"Patricia Regidor"}}]}},"_links":{"self":[{"href":"https:\/\/familiamartinezbujanda.com\/en\/wp-json\/wp\/v2\/posts\/69229","targetHints":{"allow":["GET"]}}],"collection":[{"href":"https:\/\/familiamartinezbujanda.com\/en\/wp-json\/wp\/v2\/posts"}],"about":[{"href":"https:\/\/familiamartinezbujanda.com\/en\/wp-json\/wp\/v2\/types\/post"}],"author":[{"embeddable":true,"href":"https:\/\/familiamartinezbujanda.com\/en\/wp-json\/wp\/v2\/users\/3754"}],"replies":[{"embeddable":true,"href":"https:\/\/familiamartinezbujanda.com\/en\/wp-json\/wp\/v2\/comments?post=69229"}],"version-history":[{"count":0,"href":"https:\/\/familiamartinezbujanda.com\/en\/wp-json\/wp\/v2\/posts\/69229\/revisions"}],"wp:featuredmedia":[{"embeddable":true,"href":"https:\/\/familiamartinezbujanda.com\/en\/wp-json\/wp\/v2\/media\/67986"}],"wp:attachment":[{"href":"https:\/\/familiamartinezbujanda.com\/en\/wp-json\/wp\/v2\/media?parent=69229"}],"wp:term":[{"taxonomy":"category","embeddable":true,"href":"https:\/\/familiamartinezbujanda.com\/en\/wp-json\/wp\/v2\/categories?post=69229"},{"taxonomy":"post_tag","embeddable":true,"href":"https:\/\/familiamartinezbujanda.com\/en\/wp-json\/wp\/v2\/tags?post=69229"}],"curies":[{"name":"wp","href":"https:\/\/api.w.org\/{rel}","templated":true}]}}