{"id":69230,"date":"2014-05-20T10:33:58","date_gmt":"2014-05-20T08:33:58","guid":{"rendered":"https:\/\/familiamartinezbujanda.madisonmk.agency\/spectacular-start-to-the-season-of-the-finca-antigua-cycling-club"},"modified":"2023-06-05T12:41:46","modified_gmt":"2023-06-05T10:41:46","slug":"spectacular-start-to-the-season-of-the-finca-antigua-cycling-club","status":"publish","type":"post","link":"https:\/\/familiamartinezbujanda.com\/en\/spectacular-start-to-the-season-of-the-finca-antigua-cycling-club\/","title":{"rendered":"Spectacular start to the season of the Finca Antigua Cycling Club"},"content":{"rendered":"<p style=\"text-align: justify;\"><i>When five qualifying races have been held in the VII edition of the <a href=\"http:\/\/www.circuitodiputacioncuencamtb.com\/v1\/\" target=\"_blank\" rel=\"noopener\"><strong>VII edition of the MTB provincial circuit of Cuenca,<\/strong> <\/a>the members of the Finca Antigua cycling team lead the team classification of the championship and its components are among the first places in the different individual categories.  <\/i><\/p>\n<p style=\"text-align: justify;\">The start of the season for Club Ciclista Finca Antigua could not have been better. After five races of the VII MTB provincial circuit of Cuenca in the municipalities of Santa Mar\u00eda de los Llanos, Las Pedro\u00f1eras, Quintanar del Rey, Casasimarro and Sisante, the team leads the group classification with a total of 81 points and occupies the top positions in the individual rankings.<\/p>\n<p style=\"text-align: justify;\"><a href=\".\/wp-content\/uploads\/2014\/03\/clubciclista-e1395957992973.jpg\"><img fetchpriority=\"high\" decoding=\"async\" class=\"aligncenter size-full wp-image-1034\" alt=\"clubciclista\" src=\".\/wp-content\/uploads\/2014\/03\/clubciclista-e1395957992973.jpg\" width=\"320\" height=\"212\" srcset=\"https:\/\/familiamartinezbujanda.com\/wp-content\/uploads\/2014\/03\/clubciclista-e1395957992973.jpg 320w, https:\/\/familiamartinezbujanda.com\/wp-content\/uploads\/2014\/03\/clubciclista-e1395957992973-300x199.jpg 300w\" sizes=\"(max-width: 320px) 100vw, 320px\" \/><\/a><\/p>\n<p style=\"text-align: justify;\">In the elite category, Francisco Gerardo Pe\u00f1a and Marc Molla occupy the second and third positions in the classification, just a few points behind the first classified. On the other hand, the girls of the elite category, Olga Leal and Tamara Encinas are eighth and ninth in the classification.<\/p>\n<p style=\"text-align: justify;\">In the age categories: Master 30, Master 35, Master 40 and Master 50, the team&#8217;s riders are once again topping the first places, highlighting the first and second position of Jos\u00e9 Juan Valdes and Manuel Jim\u00e9nez in the Master 35 category, and the second position of Miguel \u00c1ngel Masso in Master 40. Finally, in the under 23 category, Marcos Rabad\u00e1n is in fifth place with 381 points, fighting to get closer to the top positions in the coming days.<\/p>\n<p style=\"text-align: justify;\">The next round of the circuit will be held on Sunday June 1 in the town of Olmeda del Rey. It will be a circuit of 32 kilometers around the area, of which 60% will be roads of medium technical and physical difficulty.<\/p>\n","protected":false},"excerpt":{"rendered":"<p>When five qualifying races have been held in the VII edition of the VII edition of the MTB provincial circuit of Cuenca, the members of the Finca Antigua cycling team lead the team classification of the championship and its components are among the first places in the different individual categories. The start of the season [&hellip;]<\/p>\n","protected":false},"author":3754,"featured_media":67988,"comment_status":"open","ping_status":"open","sticky":false,"template":"","format":"standard","meta":{"iawp_total_views":0,"footnotes":""},"categories":[1552,1553],"tags":[1707,1709,1588,1713,1711],"class_list":["post-69230","post","type-post","status-publish","format-standard","has-post-thumbnail","hentry","category-familia-martinez-bujanda-en","category-our-wines","tag-cuenca-en","tag-cycling","tag-finca-antigua-en","tag-mtb-en","tag-sport","entry","has-media","owp-thumbs-layout-horizontal","owp-btn-normal","owp-tabs-layout-horizontal","has-no-thumbnails"],"yoast_head":"<!-- This site is optimized with the Yoast SEO plugin v27.0 - https:\/\/yoast.com\/product\/yoast-seo-wordpress\/ -->\n<title>Spectacular start to the season of the Finca Antigua Cycling Club | Familia Mart\u00ednez Bujanda<\/title>\n<meta name=\"robots\" content=\"index, follow, max-snippet:-1, max-image-preview:large, max-video-preview:-1\" \/>\n<link rel=\"canonical\" href=\"https:\/\/familiamartinezbujanda.com\/en\/spectacular-start-to-the-season-of-the-finca-antigua-cycling-club\/\" \/>\n<meta property=\"og:locale\" content=\"en_US\" \/>\n<meta property=\"og:type\" content=\"article\" \/>\n<meta property=\"og:title\" content=\"Spectacular start to the season of the Finca Antigua Cycling Club | Familia Mart\u00ednez Bujanda\" \/>\n<meta property=\"og:description\" content=\"When five qualifying races have been held in the VII edition of the VII edition of the MTB provincial circuit of Cuenca, the members of the Finca Antigua cycling team lead the team classification of the championship and its components are among the first places in the different individual categories. The start of the season [&hellip;]\" \/>\n<meta property=\"og:url\" content=\"https:\/\/familiamartinezbujanda.com\/en\/spectacular-start-to-the-season-of-the-finca-antigua-cycling-club\/\" \/>\n<meta property=\"og:site_name\" content=\"Familia Mart\u00ednez Bujanda\" \/>\n<meta property=\"article:published_time\" content=\"2014-05-20T08:33:58+00:00\" \/>\n<meta property=\"article:modified_time\" content=\"2023-06-05T10:41:46+00:00\" \/>\n<meta property=\"og:image\" content=\"https:\/\/familiamartinezbujanda.com\/wp-content\/uploads\/2014\/03\/clubciclista_des.jpg\" \/>\n\t<meta property=\"og:image:width\" content=\"754\" \/>\n\t<meta property=\"og:image:height\" content=\"279\" \/>\n\t<meta property=\"og:image:type\" content=\"image\/jpeg\" \/>\n<meta name=\"author\" content=\"Patricia Regidor\" \/>\n<meta name=\"twitter:card\" content=\"summary_large_image\" \/>\n<meta name=\"twitter:label1\" content=\"Written by\" \/>\n\t<meta name=\"twitter:data1\" content=\"Patricia Regidor\" \/>\n\t<meta name=\"twitter:label2\" content=\"Est. reading time\" \/>\n\t<meta name=\"twitter:data2\" content=\"1 minute\" \/>\n<script type=\"application\/ld+json\" class=\"yoast-schema-graph\">{\"@context\":\"https:\/\/schema.org\",\"@graph\":[{\"@type\":\"Article\",\"@id\":\"https:\/\/familiamartinezbujanda.com\/en\/spectacular-start-to-the-season-of-the-finca-antigua-cycling-club\/#article\",\"isPartOf\":{\"@id\":\"https:\/\/familiamartinezbujanda.com\/en\/spectacular-start-to-the-season-of-the-finca-antigua-cycling-club\/\"},\"author\":{\"name\":\"Patricia Regidor\",\"@id\":\"https:\/\/familiamartinezbujanda.com\/en\/#\/schema\/person\/a0de5cd908ac9e26722fb5a3b3695484\"},\"headline\":\"Spectacular start to the season of the Finca Antigua Cycling Club\",\"datePublished\":\"2014-05-20T08:33:58+00:00\",\"dateModified\":\"2023-06-05T10:41:46+00:00\",\"mainEntityOfPage\":{\"@id\":\"https:\/\/familiamartinezbujanda.com\/en\/spectacular-start-to-the-season-of-the-finca-antigua-cycling-club\/\"},\"wordCount\":290,\"commentCount\":0,\"publisher\":{\"@id\":\"https:\/\/familiamartinezbujanda.com\/en\/#organization\"},\"image\":{\"@id\":\"https:\/\/familiamartinezbujanda.com\/en\/spectacular-start-to-the-season-of-the-finca-antigua-cycling-club\/#primaryimage\"},\"thumbnailUrl\":\"https:\/\/familiamartinezbujanda.com\/wp-content\/uploads\/2014\/03\/clubciclista_des.jpg\",\"keywords\":[\"Cuenca\",\"cycling\",\"Finca Antigua\",\"MTB\",\"sport\"],\"articleSection\":[\"Familia Mart\u00ednez Bujanda\",\"Our wines\"],\"inLanguage\":\"en-US\",\"potentialAction\":[{\"@type\":\"CommentAction\",\"name\":\"Comment\",\"target\":[\"https:\/\/familiamartinezbujanda.com\/en\/spectacular-start-to-the-season-of-the-finca-antigua-cycling-club\/#respond\"]}]},{\"@type\":\"WebPage\",\"@id\":\"https:\/\/familiamartinezbujanda.com\/en\/spectacular-start-to-the-season-of-the-finca-antigua-cycling-club\/\",\"url\":\"https:\/\/familiamartinezbujanda.com\/en\/spectacular-start-to-the-season-of-the-finca-antigua-cycling-club\/\",\"name\":\"Spectacular start to the season of the Finca Antigua Cycling Club | Familia Mart\u00ednez Bujanda\",\"isPartOf\":{\"@id\":\"https:\/\/familiamartinezbujanda.com\/en\/#website\"},\"primaryImageOfPage\":{\"@id\":\"https:\/\/familiamartinezbujanda.com\/en\/spectacular-start-to-the-season-of-the-finca-antigua-cycling-club\/#primaryimage\"},\"image\":{\"@id\":\"https:\/\/familiamartinezbujanda.com\/en\/spectacular-start-to-the-season-of-the-finca-antigua-cycling-club\/#primaryimage\"},\"thumbnailUrl\":\"https:\/\/familiamartinezbujanda.com\/wp-content\/uploads\/2014\/03\/clubciclista_des.jpg\",\"datePublished\":\"2014-05-20T08:33:58+00:00\",\"dateModified\":\"2023-06-05T10:41:46+00:00\",\"breadcrumb\":{\"@id\":\"https:\/\/familiamartinezbujanda.com\/en\/spectacular-start-to-the-season-of-the-finca-antigua-cycling-club\/#breadcrumb\"},\"inLanguage\":\"en-US\",\"potentialAction\":[{\"@type\":\"ReadAction\",\"target\":[\"https:\/\/familiamartinezbujanda.com\/en\/spectacular-start-to-the-season-of-the-finca-antigua-cycling-club\/\"]}]},{\"@type\":\"ImageObject\",\"inLanguage\":\"en-US\",\"@id\":\"https:\/\/familiamartinezbujanda.com\/en\/spectacular-start-to-the-season-of-the-finca-antigua-cycling-club\/#primaryimage\",\"url\":\"https:\/\/familiamartinezbujanda.com\/wp-content\/uploads\/2014\/03\/clubciclista_des.jpg\",\"contentUrl\":\"https:\/\/familiamartinezbujanda.com\/wp-content\/uploads\/2014\/03\/clubciclista_des.jpg\",\"width\":754,\"height\":279},{\"@type\":\"BreadcrumbList\",\"@id\":\"https:\/\/familiamartinezbujanda.com\/en\/spectacular-start-to-the-season-of-the-finca-antigua-cycling-club\/#breadcrumb\",\"itemListElement\":[{\"@type\":\"ListItem\",\"position\":1,\"name\":\"Portada\",\"item\":\"https:\/\/familiamartinezbujanda.com\/en\/inicio\/\"},{\"@type\":\"ListItem\",\"position\":2,\"name\":\"Spectacular start to the season of the Finca Antigua Cycling Club\"}]},{\"@type\":\"WebSite\",\"@id\":\"https:\/\/familiamartinezbujanda.com\/en\/#website\",\"url\":\"https:\/\/familiamartinezbujanda.com\/en\/\",\"name\":\"Familia Mart\u00ednez Bujanda\",\"description\":\"Cinco bodegas conforman Familia Mart\u00ednez-Bujanda: Finca Valpiedra (DOCa Rioja), Finca Antigua (DO La Mancha), Finca Montepedroso (DO Rueda), Vi\u00f1a Bujanda ...\",\"publisher\":{\"@id\":\"https:\/\/familiamartinezbujanda.com\/en\/#organization\"},\"potentialAction\":[{\"@type\":\"SearchAction\",\"target\":{\"@type\":\"EntryPoint\",\"urlTemplate\":\"https:\/\/familiamartinezbujanda.com\/en\/?s={search_term_string}\"},\"query-input\":{\"@type\":\"PropertyValueSpecification\",\"valueRequired\":true,\"valueName\":\"search_term_string\"}}],\"inLanguage\":\"en-US\"},{\"@type\":\"Organization\",\"@id\":\"https:\/\/familiamartinezbujanda.com\/en\/#organization\",\"name\":\"Familia Mart\u00ednez Bujanda\",\"url\":\"https:\/\/familiamartinezbujanda.com\/en\/\",\"logo\":{\"@type\":\"ImageObject\",\"inLanguage\":\"en-US\",\"@id\":\"https:\/\/familiamartinezbujanda.com\/en\/#\/schema\/logo\/image\/\",\"url\":\"https:\/\/www.familiamartinezbujanda.com\/wp-content\/uploads\/2022\/06\/favicon.jpg\",\"contentUrl\":\"https:\/\/www.familiamartinezbujanda.com\/wp-content\/uploads\/2022\/06\/favicon.jpg\",\"width\":512,\"height\":512,\"caption\":\"Familia Mart\u00ednez Bujanda\"},\"image\":{\"@id\":\"https:\/\/familiamartinezbujanda.com\/en\/#\/schema\/logo\/image\/\"}},{\"@type\":\"Person\",\"@id\":\"https:\/\/familiamartinezbujanda.com\/en\/#\/schema\/person\/a0de5cd908ac9e26722fb5a3b3695484\",\"name\":\"Patricia Regidor\",\"image\":{\"@type\":\"ImageObject\",\"inLanguage\":\"en-US\",\"@id\":\"https:\/\/familiamartinezbujanda.com\/en\/#\/schema\/person\/image\/\",\"url\":\"https:\/\/secure.gravatar.com\/avatar\/a596c6b53eda7e1d9627342f0e2806c8ea0ece6b92357b70e2c9826c1c70aafd?s=96&d=mm&r=g\",\"contentUrl\":\"https:\/\/secure.gravatar.com\/avatar\/a596c6b53eda7e1d9627342f0e2806c8ea0ece6b92357b70e2c9826c1c70aafd?s=96&d=mm&r=g\",\"caption\":\"Patricia Regidor\"}}]}<\/script>\n<!-- \/ Yoast SEO plugin. -->","yoast_head_json":{"title":"Spectacular start to the season of the Finca Antigua Cycling Club | Familia Mart\u00ednez Bujanda","robots":{"index":"index","follow":"follow","max-snippet":"max-snippet:-1","max-image-preview":"max-image-preview:large","max-video-preview":"max-video-preview:-1"},"canonical":"https:\/\/familiamartinezbujanda.com\/en\/spectacular-start-to-the-season-of-the-finca-antigua-cycling-club\/","og_locale":"en_US","og_type":"article","og_title":"Spectacular start to the season of the Finca Antigua Cycling Club | Familia Mart\u00ednez Bujanda","og_description":"When five qualifying races have been held in the VII edition of the VII edition of the MTB provincial circuit of Cuenca, the members of the Finca Antigua cycling team lead the team classification of the championship and its components are among the first places in the different individual categories. The start of the season [&hellip;]","og_url":"https:\/\/familiamartinezbujanda.com\/en\/spectacular-start-to-the-season-of-the-finca-antigua-cycling-club\/","og_site_name":"Familia Mart\u00ednez Bujanda","article_published_time":"2014-05-20T08:33:58+00:00","article_modified_time":"2023-06-05T10:41:46+00:00","og_image":[{"width":754,"height":279,"url":"https:\/\/familiamartinezbujanda.com\/wp-content\/uploads\/2014\/03\/clubciclista_des.jpg","type":"image\/jpeg"}],"author":"Patricia Regidor","twitter_card":"summary_large_image","twitter_misc":{"Written by":"Patricia Regidor","Est. reading time":"1 minute"},"schema":{"@context":"https:\/\/schema.org","@graph":[{"@type":"Article","@id":"https:\/\/familiamartinezbujanda.com\/en\/spectacular-start-to-the-season-of-the-finca-antigua-cycling-club\/#article","isPartOf":{"@id":"https:\/\/familiamartinezbujanda.com\/en\/spectacular-start-to-the-season-of-the-finca-antigua-cycling-club\/"},"author":{"name":"Patricia Regidor","@id":"https:\/\/familiamartinezbujanda.com\/en\/#\/schema\/person\/a0de5cd908ac9e26722fb5a3b3695484"},"headline":"Spectacular start to the season of the Finca Antigua Cycling Club","datePublished":"2014-05-20T08:33:58+00:00","dateModified":"2023-06-05T10:41:46+00:00","mainEntityOfPage":{"@id":"https:\/\/familiamartinezbujanda.com\/en\/spectacular-start-to-the-season-of-the-finca-antigua-cycling-club\/"},"wordCount":290,"commentCount":0,"publisher":{"@id":"https:\/\/familiamartinezbujanda.com\/en\/#organization"},"image":{"@id":"https:\/\/familiamartinezbujanda.com\/en\/spectacular-start-to-the-season-of-the-finca-antigua-cycling-club\/#primaryimage"},"thumbnailUrl":"https:\/\/familiamartinezbujanda.com\/wp-content\/uploads\/2014\/03\/clubciclista_des.jpg","keywords":["Cuenca","cycling","Finca Antigua","MTB","sport"],"articleSection":["Familia Mart\u00ednez Bujanda","Our wines"],"inLanguage":"en-US","potentialAction":[{"@type":"CommentAction","name":"Comment","target":["https:\/\/familiamartinezbujanda.com\/en\/spectacular-start-to-the-season-of-the-finca-antigua-cycling-club\/#respond"]}]},{"@type":"WebPage","@id":"https:\/\/familiamartinezbujanda.com\/en\/spectacular-start-to-the-season-of-the-finca-antigua-cycling-club\/","url":"https:\/\/familiamartinezbujanda.com\/en\/spectacular-start-to-the-season-of-the-finca-antigua-cycling-club\/","name":"Spectacular start to the season of the Finca Antigua Cycling Club | Familia Mart\u00ednez Bujanda","isPartOf":{"@id":"https:\/\/familiamartinezbujanda.com\/en\/#website"},"primaryImageOfPage":{"@id":"https:\/\/familiamartinezbujanda.com\/en\/spectacular-start-to-the-season-of-the-finca-antigua-cycling-club\/#primaryimage"},"image":{"@id":"https:\/\/familiamartinezbujanda.com\/en\/spectacular-start-to-the-season-of-the-finca-antigua-cycling-club\/#primaryimage"},"thumbnailUrl":"https:\/\/familiamartinezbujanda.com\/wp-content\/uploads\/2014\/03\/clubciclista_des.jpg","datePublished":"2014-05-20T08:33:58+00:00","dateModified":"2023-06-05T10:41:46+00:00","breadcrumb":{"@id":"https:\/\/familiamartinezbujanda.com\/en\/spectacular-start-to-the-season-of-the-finca-antigua-cycling-club\/#breadcrumb"},"inLanguage":"en-US","potentialAction":[{"@type":"ReadAction","target":["https:\/\/familiamartinezbujanda.com\/en\/spectacular-start-to-the-season-of-the-finca-antigua-cycling-club\/"]}]},{"@type":"ImageObject","inLanguage":"en-US","@id":"https:\/\/familiamartinezbujanda.com\/en\/spectacular-start-to-the-season-of-the-finca-antigua-cycling-club\/#primaryimage","url":"https:\/\/familiamartinezbujanda.com\/wp-content\/uploads\/2014\/03\/clubciclista_des.jpg","contentUrl":"https:\/\/familiamartinezbujanda.com\/wp-content\/uploads\/2014\/03\/clubciclista_des.jpg","width":754,"height":279},{"@type":"BreadcrumbList","@id":"https:\/\/familiamartinezbujanda.com\/en\/spectacular-start-to-the-season-of-the-finca-antigua-cycling-club\/#breadcrumb","itemListElement":[{"@type":"ListItem","position":1,"name":"Portada","item":"https:\/\/familiamartinezbujanda.com\/en\/inicio\/"},{"@type":"ListItem","position":2,"name":"Spectacular start to the season of the Finca Antigua Cycling Club"}]},{"@type":"WebSite","@id":"https:\/\/familiamartinezbujanda.com\/en\/#website","url":"https:\/\/familiamartinezbujanda.com\/en\/","name":"Familia Mart\u00ednez Bujanda","description":"Cinco bodegas conforman Familia Mart\u00ednez-Bujanda: Finca Valpiedra (DOCa Rioja), Finca Antigua (DO La Mancha), Finca Montepedroso (DO Rueda), Vi\u00f1a Bujanda ...","publisher":{"@id":"https:\/\/familiamartinezbujanda.com\/en\/#organization"},"potentialAction":[{"@type":"SearchAction","target":{"@type":"EntryPoint","urlTemplate":"https:\/\/familiamartinezbujanda.com\/en\/?s={search_term_string}"},"query-input":{"@type":"PropertyValueSpecification","valueRequired":true,"valueName":"search_term_string"}}],"inLanguage":"en-US"},{"@type":"Organization","@id":"https:\/\/familiamartinezbujanda.com\/en\/#organization","name":"Familia Mart\u00ednez Bujanda","url":"https:\/\/familiamartinezbujanda.com\/en\/","logo":{"@type":"ImageObject","inLanguage":"en-US","@id":"https:\/\/familiamartinezbujanda.com\/en\/#\/schema\/logo\/image\/","url":"https:\/\/www.familiamartinezbujanda.com\/wp-content\/uploads\/2022\/06\/favicon.jpg","contentUrl":"https:\/\/www.familiamartinezbujanda.com\/wp-content\/uploads\/2022\/06\/favicon.jpg","width":512,"height":512,"caption":"Familia Mart\u00ednez Bujanda"},"image":{"@id":"https:\/\/familiamartinezbujanda.com\/en\/#\/schema\/logo\/image\/"}},{"@type":"Person","@id":"https:\/\/familiamartinezbujanda.com\/en\/#\/schema\/person\/a0de5cd908ac9e26722fb5a3b3695484","name":"Patricia Regidor","image":{"@type":"ImageObject","inLanguage":"en-US","@id":"https:\/\/familiamartinezbujanda.com\/en\/#\/schema\/person\/image\/","url":"https:\/\/secure.gravatar.com\/avatar\/a596c6b53eda7e1d9627342f0e2806c8ea0ece6b92357b70e2c9826c1c70aafd?s=96&d=mm&r=g","contentUrl":"https:\/\/secure.gravatar.com\/avatar\/a596c6b53eda7e1d9627342f0e2806c8ea0ece6b92357b70e2c9826c1c70aafd?s=96&d=mm&r=g","caption":"Patricia Regidor"}}]}},"_links":{"self":[{"href":"https:\/\/familiamartinezbujanda.com\/en\/wp-json\/wp\/v2\/posts\/69230","targetHints":{"allow":["GET"]}}],"collection":[{"href":"https:\/\/familiamartinezbujanda.com\/en\/wp-json\/wp\/v2\/posts"}],"about":[{"href":"https:\/\/familiamartinezbujanda.com\/en\/wp-json\/wp\/v2\/types\/post"}],"author":[{"embeddable":true,"href":"https:\/\/familiamartinezbujanda.com\/en\/wp-json\/wp\/v2\/users\/3754"}],"replies":[{"embeddable":true,"href":"https:\/\/familiamartinezbujanda.com\/en\/wp-json\/wp\/v2\/comments?post=69230"}],"version-history":[{"count":0,"href":"https:\/\/familiamartinezbujanda.com\/en\/wp-json\/wp\/v2\/posts\/69230\/revisions"}],"wp:featuredmedia":[{"embeddable":true,"href":"https:\/\/familiamartinezbujanda.com\/en\/wp-json\/wp\/v2\/media\/67988"}],"wp:attachment":[{"href":"https:\/\/familiamartinezbujanda.com\/en\/wp-json\/wp\/v2\/media?parent=69230"}],"wp:term":[{"taxonomy":"category","embeddable":true,"href":"https:\/\/familiamartinezbujanda.com\/en\/wp-json\/wp\/v2\/categories?post=69230"},{"taxonomy":"post_tag","embeddable":true,"href":"https:\/\/familiamartinezbujanda.com\/en\/wp-json\/wp\/v2\/tags?post=69230"}],"curies":[{"name":"wp","href":"https:\/\/api.w.org\/{rel}","templated":true}]}}