{"id":69239,"date":"2014-02-23T18:59:04","date_gmt":"2014-02-23T17:59:04","guid":{"rendered":"https:\/\/familiamartinezbujanda.madisonmk.agency\/martinez-bujanda-family-is-celebrating-its-anniversary"},"modified":"2023-06-05T12:41:47","modified_gmt":"2023-06-05T10:41:47","slug":"martinez-bujanda-family-is-celebrating-its-anniversary","status":"publish","type":"post","link":"https:\/\/familiamartinezbujanda.com\/en\/martinez-bujanda-family-is-celebrating-its-anniversary\/","title":{"rendered":"Mart\u00ednez Bujanda Family is celebrating its Anniversary"},"content":{"rendered":"<p style=\"text-align: justify;\"><i>Celebrates 125 years dedicated to winemaking, under a premise that has endured since its birth in 1889: the production of quality wines from its own vineyards located in privileged enclaves.  <\/i><\/p>\n<p style=\"text-align: justify;\"><strong><a href=\".\/wp-content\/uploads\/2014\/02\/F.A.-atardecer-F.A.-afternoon.jpg\"><img fetchpriority=\"high\" decoding=\"async\" class=\"aligncenter size-full wp-image-982\" alt=\"F.A. sunset- F.A. afternoon\" src=\".\/wp-content\/uploads\/2014\/02\/F.A.-atardecer-F.A.-afternoon.jpg\" width=\"660\" height=\"284\" srcset=\"https:\/\/familiamartinezbujanda.com\/wp-content\/uploads\/2014\/02\/F.A.-atardecer-F.A.-afternoon.jpg 660w, https:\/\/familiamartinezbujanda.com\/wp-content\/uploads\/2014\/02\/F.A.-atardecer-F.A.-afternoon-300x129.jpg 300w, https:\/\/familiamartinezbujanda.com\/wp-content\/uploads\/2014\/02\/F.A.-atardecer-F.A.-afternoon-600x258.jpg 600w\" sizes=\"(max-width: 660px) 100vw, 660px\" \/><\/a><\/strong><\/p>\n<p style=\"text-align: justify;\"><strong>Familia Mart\u00ednez Bujanda<\/strong> is a family business founded in 1889 by Joaqu\u00edn Mart\u00ednez Bujanda, great-grandfather of the now owners of the group, <strong>Pilar and Carlos Mart\u00ednez Bujanda<\/strong>. Their philosophy has always been the production of quality wines from their own vineyards, located in privileged enclaves.<\/p>\n<p style=\"text-align: justify;\">This idea of work was permeated and transferred from generation to generation, from his son Marcelino, his grandson Jes\u00fas, to the current owners and great-grandchildren, who have always been clear about the fundamental premise on which to base the legacy left by their great-grandfather and which they have been reflecting in each new project they have undertaken:  <em><br \/>\n  <strong>always looking for the best areas to produce the best wines.<\/strong><br \/>\n<\/em>.<\/p>\n<p style=\"text-align: justify;\"><a href=\".\/wp-content\/uploads\/2014\/02\/91AULTIMO-e1393268048831.jpg\"><img decoding=\"async\" class=\"alignleft size-full wp-image-981\" alt=\"91AULTIMUM\" src=\".\/wp-content\/uploads\/2014\/02\/91AULTIMO-e1393268048831.jpg\" width=\"300\" height=\"300\" srcset=\"https:\/\/familiamartinezbujanda.com\/wp-content\/uploads\/2014\/02\/91AULTIMO-e1393268048831.jpg 300w, https:\/\/familiamartinezbujanda.com\/wp-content\/uploads\/2014\/02\/91AULTIMO-e1393268048831-150x150.jpg 150w, https:\/\/familiamartinezbujanda.com\/wp-content\/uploads\/2014\/02\/91AULTIMO-e1393268048831-100x100.jpg 100w\" sizes=\"(max-width: 300px) 100vw, 300px\" \/><\/a>At present, Familia Mart\u00ednez Bujanda has five wineries located in different appellations of origin. <strong>Finca Valpiedra<\/strong> and <strong>Vi\u00f1a Bujanda<\/strong> in the DO Ca. Rioja, <strong>Finca Antigua<\/strong> in DO La Mancha, <strong>Finca Montepedroso<\/strong> D.O. Rueda, and<strong> Cosecheros &amp; Criadores<\/strong>, Vinos de la Tierra de Castilla.<\/p>\n<p style=\"text-align: justify;\">During these 125 years of history, Familia Mart\u00ednez Bujanda wines have positioned themselves <strong>as excellent wines in the national and international markets<\/strong>. From its first winery in Oy\u00f3n to its latest project in Rueda, Finca Montepedroso, which opened its doors in 2012, the group&#8217;s portfolio of wines is extensive and aims to satisfy all the needs of its customers.<\/p>\n<p style=\"text-align: justify;\">Among its most renowned wines are its two great Rioja reds,  <strong>Finca Valpiedra Reserva and Cantos de Valpiedra<\/strong>The &#8220;pago&#8221;, a true reflection of the &#8220;pago&#8221; from which they come; the avant-garde and innovative  <strong>Finca Antigua, Clavis or Finca Antigua Moscatel cycles<\/strong>  from its winery in La Mancha, Finca Antigua, or the purity of a 100% Verdejo wine such as Finca Antigua.  <strong>Montepedroso Farm<\/strong>  in Rueda.<\/p>\n<p style=\"text-align: justify;\">Familia Mart\u00ednez Bujanda has 646 hectares. of vineyards, although its annual production is far from the figures of the large winemaking groups, which reinforces the philosophy of terroir, of payment, which has always characterized them.<\/p>\n<p style=\"text-align: justify;\"> <a href=\"http:\/\/www.familiamartinezbujanda.com\" target=\"_blank\" rel=\"noopener\">www.familiamartinezbujanda.com  <\/a><\/p>\n","protected":false},"excerpt":{"rendered":"<p>Celebrates 125 years dedicated to winemaking, under a premise that has endured since its birth in 1889: the production of quality wines from its own vineyards located in privileged enclaves. Familia Mart\u00ednez Bujanda is a family business founded in 1889 by Joaqu\u00edn Mart\u00ednez Bujanda, great-grandfather of the now owners of the group, Pilar and Carlos [&hellip;]<\/p>\n","protected":false},"author":3754,"featured_media":67977,"comment_status":"open","ping_status":"open","sticky":false,"template":"","format":"standard","meta":{"iawp_total_views":1,"footnotes":""},"categories":[1552,1553],"tags":[1718,1583,1588,1624,1575,1606,1649,1572,1573,1719],"class_list":["post-69239","post","type-post","status-publish","format-standard","has-post-thumbnail","hentry","category-familia-martinez-bujanda-en","category-our-wines","tag-125-years","tag-familia-martinez-bujanda-en-2","tag-finca-antigua-en","tag-finca-montepedroso-en","tag-rioja-en","tag-rueda-en","tag-valpiedra-estate","tag-vina-bujanda-en","tag-wine-en","tag-winery-anniversary","entry","has-media","owp-thumbs-layout-horizontal","owp-btn-normal","owp-tabs-layout-horizontal","has-no-thumbnails"],"yoast_head":"<!-- This site is optimized with the Yoast SEO plugin v27.0 - https:\/\/yoast.com\/product\/yoast-seo-wordpress\/ -->\n<title>Mart\u00ednez Bujanda Family is celebrating its Anniversary | Familia Mart\u00ednez Bujanda<\/title>\n<meta name=\"robots\" content=\"index, follow, max-snippet:-1, max-image-preview:large, max-video-preview:-1\" \/>\n<link rel=\"canonical\" href=\"https:\/\/familiamartinezbujanda.com\/en\/martinez-bujanda-family-is-celebrating-its-anniversary\/\" \/>\n<meta property=\"og:locale\" content=\"en_US\" \/>\n<meta property=\"og:type\" content=\"article\" \/>\n<meta property=\"og:title\" content=\"Mart\u00ednez Bujanda Family is celebrating its Anniversary | Familia Mart\u00ednez Bujanda\" \/>\n<meta property=\"og:description\" content=\"Celebrates 125 years dedicated to winemaking, under a premise that has endured since its birth in 1889: the production of quality wines from its own vineyards located in privileged enclaves. Familia Mart\u00ednez Bujanda is a family business founded in 1889 by Joaqu\u00edn Mart\u00ednez Bujanda, great-grandfather of the now owners of the group, Pilar and Carlos [&hellip;]\" \/>\n<meta property=\"og:url\" content=\"https:\/\/familiamartinezbujanda.com\/en\/martinez-bujanda-family-is-celebrating-its-anniversary\/\" \/>\n<meta property=\"og:site_name\" content=\"Familia Mart\u00ednez Bujanda\" \/>\n<meta property=\"article:published_time\" content=\"2014-02-23T17:59:04+00:00\" \/>\n<meta property=\"article:modified_time\" content=\"2023-06-05T10:41:47+00:00\" \/>\n<meta property=\"og:image\" content=\"https:\/\/familiamartinezbujanda.com\/wp-content\/uploads\/2014\/02\/125-aniversario_des.jpg\" \/>\n\t<meta property=\"og:image:width\" content=\"800\" \/>\n\t<meta property=\"og:image:height\" content=\"389\" \/>\n\t<meta property=\"og:image:type\" content=\"image\/jpeg\" \/>\n<meta name=\"author\" content=\"Patricia Regidor\" \/>\n<meta name=\"twitter:card\" content=\"summary_large_image\" \/>\n<meta name=\"twitter:label1\" content=\"Written by\" \/>\n\t<meta name=\"twitter:data1\" content=\"Patricia Regidor\" \/>\n\t<meta name=\"twitter:label2\" content=\"Est. reading time\" \/>\n\t<meta name=\"twitter:data2\" content=\"2 minutes\" \/>\n<script type=\"application\/ld+json\" class=\"yoast-schema-graph\">{\"@context\":\"https:\/\/schema.org\",\"@graph\":[{\"@type\":\"Article\",\"@id\":\"https:\/\/familiamartinezbujanda.com\/en\/martinez-bujanda-family-is-celebrating-its-anniversary\/#article\",\"isPartOf\":{\"@id\":\"https:\/\/familiamartinezbujanda.com\/en\/martinez-bujanda-family-is-celebrating-its-anniversary\/\"},\"author\":{\"name\":\"Patricia Regidor\",\"@id\":\"https:\/\/familiamartinezbujanda.com\/en\/#\/schema\/person\/a0de5cd908ac9e26722fb5a3b3695484\"},\"headline\":\"Mart\u00ednez Bujanda Family is celebrating its Anniversary\",\"datePublished\":\"2014-02-23T17:59:04+00:00\",\"dateModified\":\"2023-06-05T10:41:47+00:00\",\"mainEntityOfPage\":{\"@id\":\"https:\/\/familiamartinezbujanda.com\/en\/martinez-bujanda-family-is-celebrating-its-anniversary\/\"},\"wordCount\":362,\"commentCount\":0,\"publisher\":{\"@id\":\"https:\/\/familiamartinezbujanda.com\/en\/#organization\"},\"image\":{\"@id\":\"https:\/\/familiamartinezbujanda.com\/en\/martinez-bujanda-family-is-celebrating-its-anniversary\/#primaryimage\"},\"thumbnailUrl\":\"https:\/\/familiamartinezbujanda.com\/wp-content\/uploads\/2014\/02\/125-aniversario_des.jpg\",\"keywords\":[\"125 years\",\"Familia Mart\u00ednez Bujanda\",\"Finca Antigua\",\"Finca Montepedroso\",\"Rioja\",\"Rueda\",\"Valpiedra Estate\",\"Vi\u00f1a Bujanda\",\"Wine\",\"winery anniversary\"],\"articleSection\":[\"Familia Mart\u00ednez Bujanda\",\"Our wines\"],\"inLanguage\":\"en-US\",\"potentialAction\":[{\"@type\":\"CommentAction\",\"name\":\"Comment\",\"target\":[\"https:\/\/familiamartinezbujanda.com\/en\/martinez-bujanda-family-is-celebrating-its-anniversary\/#respond\"]}]},{\"@type\":\"WebPage\",\"@id\":\"https:\/\/familiamartinezbujanda.com\/en\/martinez-bujanda-family-is-celebrating-its-anniversary\/\",\"url\":\"https:\/\/familiamartinezbujanda.com\/en\/martinez-bujanda-family-is-celebrating-its-anniversary\/\",\"name\":\"Mart\u00ednez Bujanda Family is celebrating its Anniversary | Familia Mart\u00ednez Bujanda\",\"isPartOf\":{\"@id\":\"https:\/\/familiamartinezbujanda.com\/en\/#website\"},\"primaryImageOfPage\":{\"@id\":\"https:\/\/familiamartinezbujanda.com\/en\/martinez-bujanda-family-is-celebrating-its-anniversary\/#primaryimage\"},\"image\":{\"@id\":\"https:\/\/familiamartinezbujanda.com\/en\/martinez-bujanda-family-is-celebrating-its-anniversary\/#primaryimage\"},\"thumbnailUrl\":\"https:\/\/familiamartinezbujanda.com\/wp-content\/uploads\/2014\/02\/125-aniversario_des.jpg\",\"datePublished\":\"2014-02-23T17:59:04+00:00\",\"dateModified\":\"2023-06-05T10:41:47+00:00\",\"breadcrumb\":{\"@id\":\"https:\/\/familiamartinezbujanda.com\/en\/martinez-bujanda-family-is-celebrating-its-anniversary\/#breadcrumb\"},\"inLanguage\":\"en-US\",\"potentialAction\":[{\"@type\":\"ReadAction\",\"target\":[\"https:\/\/familiamartinezbujanda.com\/en\/martinez-bujanda-family-is-celebrating-its-anniversary\/\"]}]},{\"@type\":\"ImageObject\",\"inLanguage\":\"en-US\",\"@id\":\"https:\/\/familiamartinezbujanda.com\/en\/martinez-bujanda-family-is-celebrating-its-anniversary\/#primaryimage\",\"url\":\"https:\/\/familiamartinezbujanda.com\/wp-content\/uploads\/2014\/02\/125-aniversario_des.jpg\",\"contentUrl\":\"https:\/\/familiamartinezbujanda.com\/wp-content\/uploads\/2014\/02\/125-aniversario_des.jpg\",\"width\":800,\"height\":389},{\"@type\":\"BreadcrumbList\",\"@id\":\"https:\/\/familiamartinezbujanda.com\/en\/martinez-bujanda-family-is-celebrating-its-anniversary\/#breadcrumb\",\"itemListElement\":[{\"@type\":\"ListItem\",\"position\":1,\"name\":\"Portada\",\"item\":\"https:\/\/familiamartinezbujanda.com\/en\/inicio\/\"},{\"@type\":\"ListItem\",\"position\":2,\"name\":\"Mart\u00ednez Bujanda Family is celebrating its Anniversary\"}]},{\"@type\":\"WebSite\",\"@id\":\"https:\/\/familiamartinezbujanda.com\/en\/#website\",\"url\":\"https:\/\/familiamartinezbujanda.com\/en\/\",\"name\":\"Familia Mart\u00ednez Bujanda\",\"description\":\"Cinco bodegas conforman Familia Mart\u00ednez-Bujanda: Finca Valpiedra (DOCa Rioja), Finca Antigua (DO La Mancha), Finca Montepedroso (DO Rueda), Vi\u00f1a Bujanda ...\",\"publisher\":{\"@id\":\"https:\/\/familiamartinezbujanda.com\/en\/#organization\"},\"potentialAction\":[{\"@type\":\"SearchAction\",\"target\":{\"@type\":\"EntryPoint\",\"urlTemplate\":\"https:\/\/familiamartinezbujanda.com\/en\/?s={search_term_string}\"},\"query-input\":{\"@type\":\"PropertyValueSpecification\",\"valueRequired\":true,\"valueName\":\"search_term_string\"}}],\"inLanguage\":\"en-US\"},{\"@type\":\"Organization\",\"@id\":\"https:\/\/familiamartinezbujanda.com\/en\/#organization\",\"name\":\"Familia Mart\u00ednez Bujanda\",\"url\":\"https:\/\/familiamartinezbujanda.com\/en\/\",\"logo\":{\"@type\":\"ImageObject\",\"inLanguage\":\"en-US\",\"@id\":\"https:\/\/familiamartinezbujanda.com\/en\/#\/schema\/logo\/image\/\",\"url\":\"https:\/\/www.familiamartinezbujanda.com\/wp-content\/uploads\/2022\/06\/favicon.jpg\",\"contentUrl\":\"https:\/\/www.familiamartinezbujanda.com\/wp-content\/uploads\/2022\/06\/favicon.jpg\",\"width\":512,\"height\":512,\"caption\":\"Familia Mart\u00ednez Bujanda\"},\"image\":{\"@id\":\"https:\/\/familiamartinezbujanda.com\/en\/#\/schema\/logo\/image\/\"}},{\"@type\":\"Person\",\"@id\":\"https:\/\/familiamartinezbujanda.com\/en\/#\/schema\/person\/a0de5cd908ac9e26722fb5a3b3695484\",\"name\":\"Patricia Regidor\",\"image\":{\"@type\":\"ImageObject\",\"inLanguage\":\"en-US\",\"@id\":\"https:\/\/familiamartinezbujanda.com\/en\/#\/schema\/person\/image\/\",\"url\":\"https:\/\/secure.gravatar.com\/avatar\/a596c6b53eda7e1d9627342f0e2806c8ea0ece6b92357b70e2c9826c1c70aafd?s=96&d=mm&r=g\",\"contentUrl\":\"https:\/\/secure.gravatar.com\/avatar\/a596c6b53eda7e1d9627342f0e2806c8ea0ece6b92357b70e2c9826c1c70aafd?s=96&d=mm&r=g\",\"caption\":\"Patricia Regidor\"}}]}<\/script>\n<!-- \/ Yoast SEO plugin. -->","yoast_head_json":{"title":"Mart\u00ednez Bujanda Family is celebrating its Anniversary | Familia Mart\u00ednez Bujanda","robots":{"index":"index","follow":"follow","max-snippet":"max-snippet:-1","max-image-preview":"max-image-preview:large","max-video-preview":"max-video-preview:-1"},"canonical":"https:\/\/familiamartinezbujanda.com\/en\/martinez-bujanda-family-is-celebrating-its-anniversary\/","og_locale":"en_US","og_type":"article","og_title":"Mart\u00ednez Bujanda Family is celebrating its Anniversary | Familia Mart\u00ednez Bujanda","og_description":"Celebrates 125 years dedicated to winemaking, under a premise that has endured since its birth in 1889: the production of quality wines from its own vineyards located in privileged enclaves. Familia Mart\u00ednez Bujanda is a family business founded in 1889 by Joaqu\u00edn Mart\u00ednez Bujanda, great-grandfather of the now owners of the group, Pilar and Carlos [&hellip;]","og_url":"https:\/\/familiamartinezbujanda.com\/en\/martinez-bujanda-family-is-celebrating-its-anniversary\/","og_site_name":"Familia Mart\u00ednez Bujanda","article_published_time":"2014-02-23T17:59:04+00:00","article_modified_time":"2023-06-05T10:41:47+00:00","og_image":[{"width":800,"height":389,"url":"https:\/\/familiamartinezbujanda.com\/wp-content\/uploads\/2014\/02\/125-aniversario_des.jpg","type":"image\/jpeg"}],"author":"Patricia Regidor","twitter_card":"summary_large_image","twitter_misc":{"Written by":"Patricia Regidor","Est. reading time":"2 minutes"},"schema":{"@context":"https:\/\/schema.org","@graph":[{"@type":"Article","@id":"https:\/\/familiamartinezbujanda.com\/en\/martinez-bujanda-family-is-celebrating-its-anniversary\/#article","isPartOf":{"@id":"https:\/\/familiamartinezbujanda.com\/en\/martinez-bujanda-family-is-celebrating-its-anniversary\/"},"author":{"name":"Patricia Regidor","@id":"https:\/\/familiamartinezbujanda.com\/en\/#\/schema\/person\/a0de5cd908ac9e26722fb5a3b3695484"},"headline":"Mart\u00ednez Bujanda Family is celebrating its Anniversary","datePublished":"2014-02-23T17:59:04+00:00","dateModified":"2023-06-05T10:41:47+00:00","mainEntityOfPage":{"@id":"https:\/\/familiamartinezbujanda.com\/en\/martinez-bujanda-family-is-celebrating-its-anniversary\/"},"wordCount":362,"commentCount":0,"publisher":{"@id":"https:\/\/familiamartinezbujanda.com\/en\/#organization"},"image":{"@id":"https:\/\/familiamartinezbujanda.com\/en\/martinez-bujanda-family-is-celebrating-its-anniversary\/#primaryimage"},"thumbnailUrl":"https:\/\/familiamartinezbujanda.com\/wp-content\/uploads\/2014\/02\/125-aniversario_des.jpg","keywords":["125 years","Familia Mart\u00ednez Bujanda","Finca Antigua","Finca Montepedroso","Rioja","Rueda","Valpiedra Estate","Vi\u00f1a Bujanda","Wine","winery anniversary"],"articleSection":["Familia Mart\u00ednez Bujanda","Our wines"],"inLanguage":"en-US","potentialAction":[{"@type":"CommentAction","name":"Comment","target":["https:\/\/familiamartinezbujanda.com\/en\/martinez-bujanda-family-is-celebrating-its-anniversary\/#respond"]}]},{"@type":"WebPage","@id":"https:\/\/familiamartinezbujanda.com\/en\/martinez-bujanda-family-is-celebrating-its-anniversary\/","url":"https:\/\/familiamartinezbujanda.com\/en\/martinez-bujanda-family-is-celebrating-its-anniversary\/","name":"Mart\u00ednez Bujanda Family is celebrating its Anniversary | Familia Mart\u00ednez Bujanda","isPartOf":{"@id":"https:\/\/familiamartinezbujanda.com\/en\/#website"},"primaryImageOfPage":{"@id":"https:\/\/familiamartinezbujanda.com\/en\/martinez-bujanda-family-is-celebrating-its-anniversary\/#primaryimage"},"image":{"@id":"https:\/\/familiamartinezbujanda.com\/en\/martinez-bujanda-family-is-celebrating-its-anniversary\/#primaryimage"},"thumbnailUrl":"https:\/\/familiamartinezbujanda.com\/wp-content\/uploads\/2014\/02\/125-aniversario_des.jpg","datePublished":"2014-02-23T17:59:04+00:00","dateModified":"2023-06-05T10:41:47+00:00","breadcrumb":{"@id":"https:\/\/familiamartinezbujanda.com\/en\/martinez-bujanda-family-is-celebrating-its-anniversary\/#breadcrumb"},"inLanguage":"en-US","potentialAction":[{"@type":"ReadAction","target":["https:\/\/familiamartinezbujanda.com\/en\/martinez-bujanda-family-is-celebrating-its-anniversary\/"]}]},{"@type":"ImageObject","inLanguage":"en-US","@id":"https:\/\/familiamartinezbujanda.com\/en\/martinez-bujanda-family-is-celebrating-its-anniversary\/#primaryimage","url":"https:\/\/familiamartinezbujanda.com\/wp-content\/uploads\/2014\/02\/125-aniversario_des.jpg","contentUrl":"https:\/\/familiamartinezbujanda.com\/wp-content\/uploads\/2014\/02\/125-aniversario_des.jpg","width":800,"height":389},{"@type":"BreadcrumbList","@id":"https:\/\/familiamartinezbujanda.com\/en\/martinez-bujanda-family-is-celebrating-its-anniversary\/#breadcrumb","itemListElement":[{"@type":"ListItem","position":1,"name":"Portada","item":"https:\/\/familiamartinezbujanda.com\/en\/inicio\/"},{"@type":"ListItem","position":2,"name":"Mart\u00ednez Bujanda Family is celebrating its Anniversary"}]},{"@type":"WebSite","@id":"https:\/\/familiamartinezbujanda.com\/en\/#website","url":"https:\/\/familiamartinezbujanda.com\/en\/","name":"Familia Mart\u00ednez Bujanda","description":"Cinco bodegas conforman Familia Mart\u00ednez-Bujanda: Finca Valpiedra (DOCa Rioja), Finca Antigua (DO La Mancha), Finca Montepedroso (DO Rueda), Vi\u00f1a Bujanda ...","publisher":{"@id":"https:\/\/familiamartinezbujanda.com\/en\/#organization"},"potentialAction":[{"@type":"SearchAction","target":{"@type":"EntryPoint","urlTemplate":"https:\/\/familiamartinezbujanda.com\/en\/?s={search_term_string}"},"query-input":{"@type":"PropertyValueSpecification","valueRequired":true,"valueName":"search_term_string"}}],"inLanguage":"en-US"},{"@type":"Organization","@id":"https:\/\/familiamartinezbujanda.com\/en\/#organization","name":"Familia Mart\u00ednez Bujanda","url":"https:\/\/familiamartinezbujanda.com\/en\/","logo":{"@type":"ImageObject","inLanguage":"en-US","@id":"https:\/\/familiamartinezbujanda.com\/en\/#\/schema\/logo\/image\/","url":"https:\/\/www.familiamartinezbujanda.com\/wp-content\/uploads\/2022\/06\/favicon.jpg","contentUrl":"https:\/\/www.familiamartinezbujanda.com\/wp-content\/uploads\/2022\/06\/favicon.jpg","width":512,"height":512,"caption":"Familia Mart\u00ednez Bujanda"},"image":{"@id":"https:\/\/familiamartinezbujanda.com\/en\/#\/schema\/logo\/image\/"}},{"@type":"Person","@id":"https:\/\/familiamartinezbujanda.com\/en\/#\/schema\/person\/a0de5cd908ac9e26722fb5a3b3695484","name":"Patricia Regidor","image":{"@type":"ImageObject","inLanguage":"en-US","@id":"https:\/\/familiamartinezbujanda.com\/en\/#\/schema\/person\/image\/","url":"https:\/\/secure.gravatar.com\/avatar\/a596c6b53eda7e1d9627342f0e2806c8ea0ece6b92357b70e2c9826c1c70aafd?s=96&d=mm&r=g","contentUrl":"https:\/\/secure.gravatar.com\/avatar\/a596c6b53eda7e1d9627342f0e2806c8ea0ece6b92357b70e2c9826c1c70aafd?s=96&d=mm&r=g","caption":"Patricia Regidor"}}]}},"_links":{"self":[{"href":"https:\/\/familiamartinezbujanda.com\/en\/wp-json\/wp\/v2\/posts\/69239","targetHints":{"allow":["GET"]}}],"collection":[{"href":"https:\/\/familiamartinezbujanda.com\/en\/wp-json\/wp\/v2\/posts"}],"about":[{"href":"https:\/\/familiamartinezbujanda.com\/en\/wp-json\/wp\/v2\/types\/post"}],"author":[{"embeddable":true,"href":"https:\/\/familiamartinezbujanda.com\/en\/wp-json\/wp\/v2\/users\/3754"}],"replies":[{"embeddable":true,"href":"https:\/\/familiamartinezbujanda.com\/en\/wp-json\/wp\/v2\/comments?post=69239"}],"version-history":[{"count":0,"href":"https:\/\/familiamartinezbujanda.com\/en\/wp-json\/wp\/v2\/posts\/69239\/revisions"}],"wp:featuredmedia":[{"embeddable":true,"href":"https:\/\/familiamartinezbujanda.com\/en\/wp-json\/wp\/v2\/media\/67977"}],"wp:attachment":[{"href":"https:\/\/familiamartinezbujanda.com\/en\/wp-json\/wp\/v2\/media?parent=69239"}],"wp:term":[{"taxonomy":"category","embeddable":true,"href":"https:\/\/familiamartinezbujanda.com\/en\/wp-json\/wp\/v2\/categories?post=69239"},{"taxonomy":"post_tag","embeddable":true,"href":"https:\/\/familiamartinezbujanda.com\/en\/wp-json\/wp\/v2\/tags?post=69239"}],"curies":[{"name":"wp","href":"https:\/\/api.w.org\/{rel}","templated":true}]}}