{"id":69477,"date":"2019-03-11T17:47:43","date_gmt":"2019-03-11T16:47:43","guid":{"rendered":"https:\/\/familiamartinezbujanda.madisonmk.agency\/with-spring-the-vines-sprout"},"modified":"2023-06-05T12:42:27","modified_gmt":"2023-06-05T10:42:27","slug":"with-spring-the-vines-sprout","status":"publish","type":"post","link":"https:\/\/familiamartinezbujanda.com\/en\/with-spring-the-vines-sprout\/","title":{"rendered":"With spring, the vines sprout"},"content":{"rendered":"<p>The vine cycle repeats itself every year with a regular cadence. Dates are either earlier or later, depending on the particular weather of the season, but <strong>bud break<\/strong> is usually between March and April.<br \/>\nThere are several factors that determine the date of sprouting, although the most important is the climate. Other influencing circumstances are the water level of the soil, the altitude, the slope, the sun exposure of the plants and, above all, the type of grape, since the different varieties tend to bud more or less early.<br \/>\nBudding is the first phase of the <strong>vine cycle <\/strong>and occurs when the first shoots, also known as <strong>borras<\/strong>, appear on the shoots of the plant. These incipient new shoots or stems will grow into leaves.<br \/>\nThe plant awakens from its winter dormancy and the increase in ambient temperature causes them to begin to swell and the so-called flock appears, a cottony substance that covers them, its growth causes the flock to break and it is then when new leaves and shoots grow from each shoot.<br \/>\nWith spring, green takes over the vineyards, indicating that the vines are gestating the fruit that will be so preciously harvested during the harvest. During this period, frosts may still occur, due to the proximity of winter, which would negatively affect the plant. In addition, it is a period in which special attention should be paid to other tasks that help the vine to develop correctly, such as eliminating weeds, removing and aerating the soil to encourage rooting and carrying out the relevant fertilization tasks.<br \/>\nAs spring progresses, the leaves will grow, giving way to the next phase of the vine cycle, <strong>foliation<\/strong>. But that will be a subject for another time, now it is time to enjoy the spectacle of the greenness of the vineyards, a sign that the vines are awakening after the winter and a promise of the future fruit that we will harvest later: the grapes.<\/p>\n","protected":false},"excerpt":{"rendered":"<p>The vine cycle repeats itself every year with a regular cadence. Dates are either earlier or later, depending on the particular weather of the season, but bud break is usually between March and April. There are several factors that determine the date of sprouting, although the most important is the climate. Other influencing circumstances are [&hellip;]<\/p>\n","protected":false},"author":3754,"featured_media":68171,"comment_status":"open","ping_status":"open","sticky":false,"template":"","format":"standard","meta":{"iawp_total_views":10,"footnotes":""},"categories":[1884,1554,1569],"tags":[1945,1946,1947,1824,1876],"class_list":["post-69477","post","type-post","status-publish","format-standard","has-post-thumbnail","hentry","category-environment","category-knowing-wine","category-our-environment","tag-delete","tag-outbreak","tag-sarmiento-en","tag-spring","tag-sprouting","entry","has-media","owp-thumbs-layout-horizontal","owp-btn-normal","owp-tabs-layout-horizontal","has-no-thumbnails"],"yoast_head":"<!-- This site is optimized with the Yoast SEO plugin v27.0 - https:\/\/yoast.com\/product\/yoast-seo-wordpress\/ -->\n<title>With spring, the vines sprout | Familia Mart\u00ednez Bujanda<\/title>\n<meta name=\"robots\" content=\"index, follow, max-snippet:-1, max-image-preview:large, max-video-preview:-1\" \/>\n<link rel=\"canonical\" href=\"https:\/\/familiamartinezbujanda.com\/en\/with-spring-the-vines-sprout\/\" \/>\n<meta property=\"og:locale\" content=\"en_US\" \/>\n<meta property=\"og:type\" content=\"article\" \/>\n<meta property=\"og:title\" content=\"With spring, the vines sprout | Familia Mart\u00ednez Bujanda\" \/>\n<meta property=\"og:description\" content=\"The vine cycle repeats itself every year with a regular cadence. Dates are either earlier or later, depending on the particular weather of the season, but bud break is usually between March and April. There are several factors that determine the date of sprouting, although the most important is the climate. Other influencing circumstances are [&hellip;]\" \/>\n<meta property=\"og:url\" content=\"https:\/\/familiamartinezbujanda.com\/en\/with-spring-the-vines-sprout\/\" \/>\n<meta property=\"og:site_name\" content=\"Familia Mart\u00ednez Bujanda\" \/>\n<meta property=\"article:published_time\" content=\"2019-03-11T16:47:43+00:00\" \/>\n<meta property=\"article:modified_time\" content=\"2023-06-05T10:42:27+00:00\" \/>\n<meta property=\"og:image\" content=\"https:\/\/familiamartinezbujanda.com\/wp-content\/uploads\/2019\/03\/vides.jpg\" \/>\n\t<meta property=\"og:image:width\" content=\"725\" \/>\n\t<meta property=\"og:image:height\" content=\"371\" \/>\n\t<meta property=\"og:image:type\" content=\"image\/jpeg\" \/>\n<meta name=\"author\" content=\"Patricia Regidor\" \/>\n<meta name=\"twitter:card\" content=\"summary_large_image\" \/>\n<meta name=\"twitter:label1\" content=\"Written by\" \/>\n\t<meta name=\"twitter:data1\" content=\"Patricia Regidor\" \/>\n\t<meta name=\"twitter:label2\" content=\"Est. reading time\" \/>\n\t<meta name=\"twitter:data2\" content=\"2 minutes\" \/>\n<script type=\"application\/ld+json\" class=\"yoast-schema-graph\">{\"@context\":\"https:\/\/schema.org\",\"@graph\":[{\"@type\":\"Article\",\"@id\":\"https:\/\/familiamartinezbujanda.com\/en\/with-spring-the-vines-sprout\/#article\",\"isPartOf\":{\"@id\":\"https:\/\/familiamartinezbujanda.com\/en\/with-spring-the-vines-sprout\/\"},\"author\":{\"name\":\"Patricia Regidor\",\"@id\":\"https:\/\/familiamartinezbujanda.com\/en\/#\/schema\/person\/a0de5cd908ac9e26722fb5a3b3695484\"},\"headline\":\"With spring, the vines sprout\",\"datePublished\":\"2019-03-11T16:47:43+00:00\",\"dateModified\":\"2023-06-05T10:42:27+00:00\",\"mainEntityOfPage\":{\"@id\":\"https:\/\/familiamartinezbujanda.com\/en\/with-spring-the-vines-sprout\/\"},\"wordCount\":330,\"commentCount\":0,\"publisher\":{\"@id\":\"https:\/\/familiamartinezbujanda.com\/en\/#organization\"},\"image\":{\"@id\":\"https:\/\/familiamartinezbujanda.com\/en\/with-spring-the-vines-sprout\/#primaryimage\"},\"thumbnailUrl\":\"https:\/\/familiamartinezbujanda.com\/wp-content\/uploads\/2019\/03\/vides.jpg\",\"keywords\":[\"delete\",\"outbreak\",\"sarmiento\",\"spring\",\"sprouting\"],\"articleSection\":[\"environment\",\"Knowing wine\",\"Our environment\"],\"inLanguage\":\"en-US\",\"potentialAction\":[{\"@type\":\"CommentAction\",\"name\":\"Comment\",\"target\":[\"https:\/\/familiamartinezbujanda.com\/en\/with-spring-the-vines-sprout\/#respond\"]}]},{\"@type\":\"WebPage\",\"@id\":\"https:\/\/familiamartinezbujanda.com\/en\/with-spring-the-vines-sprout\/\",\"url\":\"https:\/\/familiamartinezbujanda.com\/en\/with-spring-the-vines-sprout\/\",\"name\":\"With spring, the vines sprout | Familia Mart\u00ednez Bujanda\",\"isPartOf\":{\"@id\":\"https:\/\/familiamartinezbujanda.com\/en\/#website\"},\"primaryImageOfPage\":{\"@id\":\"https:\/\/familiamartinezbujanda.com\/en\/with-spring-the-vines-sprout\/#primaryimage\"},\"image\":{\"@id\":\"https:\/\/familiamartinezbujanda.com\/en\/with-spring-the-vines-sprout\/#primaryimage\"},\"thumbnailUrl\":\"https:\/\/familiamartinezbujanda.com\/wp-content\/uploads\/2019\/03\/vides.jpg\",\"datePublished\":\"2019-03-11T16:47:43+00:00\",\"dateModified\":\"2023-06-05T10:42:27+00:00\",\"breadcrumb\":{\"@id\":\"https:\/\/familiamartinezbujanda.com\/en\/with-spring-the-vines-sprout\/#breadcrumb\"},\"inLanguage\":\"en-US\",\"potentialAction\":[{\"@type\":\"ReadAction\",\"target\":[\"https:\/\/familiamartinezbujanda.com\/en\/with-spring-the-vines-sprout\/\"]}]},{\"@type\":\"ImageObject\",\"inLanguage\":\"en-US\",\"@id\":\"https:\/\/familiamartinezbujanda.com\/en\/with-spring-the-vines-sprout\/#primaryimage\",\"url\":\"https:\/\/familiamartinezbujanda.com\/wp-content\/uploads\/2019\/03\/vides.jpg\",\"contentUrl\":\"https:\/\/familiamartinezbujanda.com\/wp-content\/uploads\/2019\/03\/vides.jpg\",\"width\":725,\"height\":371,\"caption\":\"View of vines in early spring in Alentejo region, Portugal.\"},{\"@type\":\"BreadcrumbList\",\"@id\":\"https:\/\/familiamartinezbujanda.com\/en\/with-spring-the-vines-sprout\/#breadcrumb\",\"itemListElement\":[{\"@type\":\"ListItem\",\"position\":1,\"name\":\"Portada\",\"item\":\"https:\/\/familiamartinezbujanda.com\/en\/inicio\/\"},{\"@type\":\"ListItem\",\"position\":2,\"name\":\"With spring, the vines sprout\"}]},{\"@type\":\"WebSite\",\"@id\":\"https:\/\/familiamartinezbujanda.com\/en\/#website\",\"url\":\"https:\/\/familiamartinezbujanda.com\/en\/\",\"name\":\"Familia Mart\u00ednez Bujanda\",\"description\":\"Cinco bodegas conforman Familia Mart\u00ednez-Bujanda: Finca Valpiedra (DOCa Rioja), Finca Antigua (DO La Mancha), Finca Montepedroso (DO Rueda), Vi\u00f1a Bujanda ...\",\"publisher\":{\"@id\":\"https:\/\/familiamartinezbujanda.com\/en\/#organization\"},\"potentialAction\":[{\"@type\":\"SearchAction\",\"target\":{\"@type\":\"EntryPoint\",\"urlTemplate\":\"https:\/\/familiamartinezbujanda.com\/en\/?s={search_term_string}\"},\"query-input\":{\"@type\":\"PropertyValueSpecification\",\"valueRequired\":true,\"valueName\":\"search_term_string\"}}],\"inLanguage\":\"en-US\"},{\"@type\":\"Organization\",\"@id\":\"https:\/\/familiamartinezbujanda.com\/en\/#organization\",\"name\":\"Familia Mart\u00ednez Bujanda\",\"url\":\"https:\/\/familiamartinezbujanda.com\/en\/\",\"logo\":{\"@type\":\"ImageObject\",\"inLanguage\":\"en-US\",\"@id\":\"https:\/\/familiamartinezbujanda.com\/en\/#\/schema\/logo\/image\/\",\"url\":\"https:\/\/www.familiamartinezbujanda.com\/wp-content\/uploads\/2022\/06\/favicon.jpg\",\"contentUrl\":\"https:\/\/www.familiamartinezbujanda.com\/wp-content\/uploads\/2022\/06\/favicon.jpg\",\"width\":512,\"height\":512,\"caption\":\"Familia Mart\u00ednez Bujanda\"},\"image\":{\"@id\":\"https:\/\/familiamartinezbujanda.com\/en\/#\/schema\/logo\/image\/\"}},{\"@type\":\"Person\",\"@id\":\"https:\/\/familiamartinezbujanda.com\/en\/#\/schema\/person\/a0de5cd908ac9e26722fb5a3b3695484\",\"name\":\"Patricia Regidor\",\"image\":{\"@type\":\"ImageObject\",\"inLanguage\":\"en-US\",\"@id\":\"https:\/\/familiamartinezbujanda.com\/en\/#\/schema\/person\/image\/\",\"url\":\"https:\/\/secure.gravatar.com\/avatar\/a596c6b53eda7e1d9627342f0e2806c8ea0ece6b92357b70e2c9826c1c70aafd?s=96&d=mm&r=g\",\"contentUrl\":\"https:\/\/secure.gravatar.com\/avatar\/a596c6b53eda7e1d9627342f0e2806c8ea0ece6b92357b70e2c9826c1c70aafd?s=96&d=mm&r=g\",\"caption\":\"Patricia Regidor\"}}]}<\/script>\n<!-- \/ Yoast SEO plugin. -->","yoast_head_json":{"title":"With spring, the vines sprout | Familia Mart\u00ednez Bujanda","robots":{"index":"index","follow":"follow","max-snippet":"max-snippet:-1","max-image-preview":"max-image-preview:large","max-video-preview":"max-video-preview:-1"},"canonical":"https:\/\/familiamartinezbujanda.com\/en\/with-spring-the-vines-sprout\/","og_locale":"en_US","og_type":"article","og_title":"With spring, the vines sprout | Familia Mart\u00ednez Bujanda","og_description":"The vine cycle repeats itself every year with a regular cadence. Dates are either earlier or later, depending on the particular weather of the season, but bud break is usually between March and April. There are several factors that determine the date of sprouting, although the most important is the climate. Other influencing circumstances are [&hellip;]","og_url":"https:\/\/familiamartinezbujanda.com\/en\/with-spring-the-vines-sprout\/","og_site_name":"Familia Mart\u00ednez Bujanda","article_published_time":"2019-03-11T16:47:43+00:00","article_modified_time":"2023-06-05T10:42:27+00:00","og_image":[{"width":725,"height":371,"url":"https:\/\/familiamartinezbujanda.com\/wp-content\/uploads\/2019\/03\/vides.jpg","type":"image\/jpeg"}],"author":"Patricia Regidor","twitter_card":"summary_large_image","twitter_misc":{"Written by":"Patricia Regidor","Est. reading time":"2 minutes"},"schema":{"@context":"https:\/\/schema.org","@graph":[{"@type":"Article","@id":"https:\/\/familiamartinezbujanda.com\/en\/with-spring-the-vines-sprout\/#article","isPartOf":{"@id":"https:\/\/familiamartinezbujanda.com\/en\/with-spring-the-vines-sprout\/"},"author":{"name":"Patricia Regidor","@id":"https:\/\/familiamartinezbujanda.com\/en\/#\/schema\/person\/a0de5cd908ac9e26722fb5a3b3695484"},"headline":"With spring, the vines sprout","datePublished":"2019-03-11T16:47:43+00:00","dateModified":"2023-06-05T10:42:27+00:00","mainEntityOfPage":{"@id":"https:\/\/familiamartinezbujanda.com\/en\/with-spring-the-vines-sprout\/"},"wordCount":330,"commentCount":0,"publisher":{"@id":"https:\/\/familiamartinezbujanda.com\/en\/#organization"},"image":{"@id":"https:\/\/familiamartinezbujanda.com\/en\/with-spring-the-vines-sprout\/#primaryimage"},"thumbnailUrl":"https:\/\/familiamartinezbujanda.com\/wp-content\/uploads\/2019\/03\/vides.jpg","keywords":["delete","outbreak","sarmiento","spring","sprouting"],"articleSection":["environment","Knowing wine","Our environment"],"inLanguage":"en-US","potentialAction":[{"@type":"CommentAction","name":"Comment","target":["https:\/\/familiamartinezbujanda.com\/en\/with-spring-the-vines-sprout\/#respond"]}]},{"@type":"WebPage","@id":"https:\/\/familiamartinezbujanda.com\/en\/with-spring-the-vines-sprout\/","url":"https:\/\/familiamartinezbujanda.com\/en\/with-spring-the-vines-sprout\/","name":"With spring, the vines sprout | Familia Mart\u00ednez Bujanda","isPartOf":{"@id":"https:\/\/familiamartinezbujanda.com\/en\/#website"},"primaryImageOfPage":{"@id":"https:\/\/familiamartinezbujanda.com\/en\/with-spring-the-vines-sprout\/#primaryimage"},"image":{"@id":"https:\/\/familiamartinezbujanda.com\/en\/with-spring-the-vines-sprout\/#primaryimage"},"thumbnailUrl":"https:\/\/familiamartinezbujanda.com\/wp-content\/uploads\/2019\/03\/vides.jpg","datePublished":"2019-03-11T16:47:43+00:00","dateModified":"2023-06-05T10:42:27+00:00","breadcrumb":{"@id":"https:\/\/familiamartinezbujanda.com\/en\/with-spring-the-vines-sprout\/#breadcrumb"},"inLanguage":"en-US","potentialAction":[{"@type":"ReadAction","target":["https:\/\/familiamartinezbujanda.com\/en\/with-spring-the-vines-sprout\/"]}]},{"@type":"ImageObject","inLanguage":"en-US","@id":"https:\/\/familiamartinezbujanda.com\/en\/with-spring-the-vines-sprout\/#primaryimage","url":"https:\/\/familiamartinezbujanda.com\/wp-content\/uploads\/2019\/03\/vides.jpg","contentUrl":"https:\/\/familiamartinezbujanda.com\/wp-content\/uploads\/2019\/03\/vides.jpg","width":725,"height":371,"caption":"View of vines in early spring in Alentejo region, Portugal."},{"@type":"BreadcrumbList","@id":"https:\/\/familiamartinezbujanda.com\/en\/with-spring-the-vines-sprout\/#breadcrumb","itemListElement":[{"@type":"ListItem","position":1,"name":"Portada","item":"https:\/\/familiamartinezbujanda.com\/en\/inicio\/"},{"@type":"ListItem","position":2,"name":"With spring, the vines sprout"}]},{"@type":"WebSite","@id":"https:\/\/familiamartinezbujanda.com\/en\/#website","url":"https:\/\/familiamartinezbujanda.com\/en\/","name":"Familia Mart\u00ednez Bujanda","description":"Cinco bodegas conforman Familia Mart\u00ednez-Bujanda: Finca Valpiedra (DOCa Rioja), Finca Antigua (DO La Mancha), Finca Montepedroso (DO Rueda), Vi\u00f1a Bujanda ...","publisher":{"@id":"https:\/\/familiamartinezbujanda.com\/en\/#organization"},"potentialAction":[{"@type":"SearchAction","target":{"@type":"EntryPoint","urlTemplate":"https:\/\/familiamartinezbujanda.com\/en\/?s={search_term_string}"},"query-input":{"@type":"PropertyValueSpecification","valueRequired":true,"valueName":"search_term_string"}}],"inLanguage":"en-US"},{"@type":"Organization","@id":"https:\/\/familiamartinezbujanda.com\/en\/#organization","name":"Familia Mart\u00ednez Bujanda","url":"https:\/\/familiamartinezbujanda.com\/en\/","logo":{"@type":"ImageObject","inLanguage":"en-US","@id":"https:\/\/familiamartinezbujanda.com\/en\/#\/schema\/logo\/image\/","url":"https:\/\/www.familiamartinezbujanda.com\/wp-content\/uploads\/2022\/06\/favicon.jpg","contentUrl":"https:\/\/www.familiamartinezbujanda.com\/wp-content\/uploads\/2022\/06\/favicon.jpg","width":512,"height":512,"caption":"Familia Mart\u00ednez Bujanda"},"image":{"@id":"https:\/\/familiamartinezbujanda.com\/en\/#\/schema\/logo\/image\/"}},{"@type":"Person","@id":"https:\/\/familiamartinezbujanda.com\/en\/#\/schema\/person\/a0de5cd908ac9e26722fb5a3b3695484","name":"Patricia Regidor","image":{"@type":"ImageObject","inLanguage":"en-US","@id":"https:\/\/familiamartinezbujanda.com\/en\/#\/schema\/person\/image\/","url":"https:\/\/secure.gravatar.com\/avatar\/a596c6b53eda7e1d9627342f0e2806c8ea0ece6b92357b70e2c9826c1c70aafd?s=96&d=mm&r=g","contentUrl":"https:\/\/secure.gravatar.com\/avatar\/a596c6b53eda7e1d9627342f0e2806c8ea0ece6b92357b70e2c9826c1c70aafd?s=96&d=mm&r=g","caption":"Patricia Regidor"}}]}},"_links":{"self":[{"href":"https:\/\/familiamartinezbujanda.com\/en\/wp-json\/wp\/v2\/posts\/69477","targetHints":{"allow":["GET"]}}],"collection":[{"href":"https:\/\/familiamartinezbujanda.com\/en\/wp-json\/wp\/v2\/posts"}],"about":[{"href":"https:\/\/familiamartinezbujanda.com\/en\/wp-json\/wp\/v2\/types\/post"}],"author":[{"embeddable":true,"href":"https:\/\/familiamartinezbujanda.com\/en\/wp-json\/wp\/v2\/users\/3754"}],"replies":[{"embeddable":true,"href":"https:\/\/familiamartinezbujanda.com\/en\/wp-json\/wp\/v2\/comments?post=69477"}],"version-history":[{"count":0,"href":"https:\/\/familiamartinezbujanda.com\/en\/wp-json\/wp\/v2\/posts\/69477\/revisions"}],"wp:featuredmedia":[{"embeddable":true,"href":"https:\/\/familiamartinezbujanda.com\/en\/wp-json\/wp\/v2\/media\/68171"}],"wp:attachment":[{"href":"https:\/\/familiamartinezbujanda.com\/en\/wp-json\/wp\/v2\/media?parent=69477"}],"wp:term":[{"taxonomy":"category","embeddable":true,"href":"https:\/\/familiamartinezbujanda.com\/en\/wp-json\/wp\/v2\/categories?post=69477"},{"taxonomy":"post_tag","embeddable":true,"href":"https:\/\/familiamartinezbujanda.com\/en\/wp-json\/wp\/v2\/tags?post=69477"}],"curies":[{"name":"wp","href":"https:\/\/api.w.org\/{rel}","templated":true}]}}