{"id":69569,"date":"2021-06-10T11:42:24","date_gmt":"2021-06-10T09:42:24","guid":{"rendered":"https:\/\/familiamartinezbujanda.madisonmk.agency\/finca-montepedroso-celebrates-its-x-anniversary"},"modified":"2023-07-10T14:46:03","modified_gmt":"2023-07-10T12:46:03","slug":"finca-montepedroso-x-anniversary","status":"publish","type":"post","link":"https:\/\/familiamartinezbujanda.com\/en\/finca-montepedroso-x-anniversary\/","title":{"rendered":"Finca Montepedroso celebrates its &#8220;X Anniversary&#8221;."},"content":{"rendered":"<p>The <strong>new vintage of <a href=\"https:\/\/www.fincamontepedroso.com\/\" target=\"_blank\" rel=\"noreferrer noopener\">Finca Montepedroso<\/a>, the 2020, has recently been presented to<\/strong> <strong>commemorate the 10th anniversary of this authentic Verdejo<\/strong>.<\/p>\n<p><!-- \/wp:post-content --><br \/>\n<!-- wp:paragraph --><\/p>\n<p>In 2020, <strong>the harvest was exceptional<\/strong> in terms of quality and quantity. In addition, the polyphenolic load will give this wine <strong>longevity and life<\/strong>, as will be seen in <strong>future vertical tastings<\/strong> in which old vintages never disappoint.  &nbsp;<\/p>\n<p><!-- \/wp:paragraph --><br \/>\n<!-- wp:paragraph --><\/p>\n<p>Subsequently, this white wine was fermented in temperature-controlled stainless steel tanks for fermentation and maceration. Finally, and as a sign of distinction of the winery&#8217;s wines, it has been aged for five months on the lees. <strong><a href=\"https:\/\/www.entrevinosypagos.com\/?s=sobre+lias\" target=\"_blank\" rel=\"noreferrer noopener\">five months aging on lees with weekly stirring.<\/a> <\/strong>with weekly stirring. This work on the lees allows the <em>Verdejo <\/em>to express itself beyond its characteristic floral and fruity notes, reaching mineral registers and even empyreumatic touches (smoke, tobacco and derivatives). In addition, this technique achieves greater volume, body, structure and longevity in the wine.<\/p>\n<p><!-- \/wp:paragraph --><br \/>\n<!-- wp:paragraph --><\/p>\n<p>And on the occasion of this  <strong>tenth anniversary<\/strong>In the last few years, the winery has been able to share with different specialists of the sector, among them prestigious journalists and wine critics, and renowned sommeliers, several  <strong><a href=\"https:\/\/www.fincamontepedroso.com\/product\/cata-vertical\/\" target=\"_blank\" rel=\"noreferrer noopener\">vertical tastings<\/a><\/strong>  in which it has been  <strong>a detailed overview of all vintages<\/strong>from the recently released 2020 to the first one, 2010.<\/p>\n<p><!-- \/wp:paragraph --><br \/>\n<!-- wp:paragraph --><\/p>\n<p>These vertical tastings have shown that <strong>in these ten years<\/strong> and with warm, cold and normal vintages <strong>there has been no oxidation in the wine<\/strong> and that <strong>the aromas have evolved spectacularly<\/strong>. Likewise, the different character of each of them has been clearly appreciated.<\/p>\n<p><!-- \/wp:paragraph --><br \/>\n<!-- wp:paragraph --><\/p>\n<p>In short, it is an experience and a pleasure for the senses to enjoy <strong>the evolution that a white wine aged without wood can develop over time<\/strong>. We encourage you to try all the vintages available in our online store. <a href=\"https:\/\/www.shopfamiliamartinezbujanda.com\/categoria-producto\/finca-montepedroso\/\" target=\"_blank\" rel=\"noreferrer noopener\"><br \/>\n  <strong>online store<\/strong><br \/>\n<\/a>. Evaluate for yourself the evolution we are telling you about.<\/p>\n<p><!-- \/wp:paragraph --><br \/>\n<!-- wp:paragraph --><\/p>\n<p><strong>Finca Montepedroso<\/strong>, the latest project from <strong><br \/>\n  <a href=\"http:\/\/www.familiamartinezbujanda.com\/\" target=\"_blank\" rel=\"noreferrer noopener\">Familia Mart\u00ednez Bujanda<\/a><br \/>\n<\/strong>is located in the town of <strong>Rueda<\/strong>, Valladolid. Surrounded by vineyards, it is one of the highest altitude estates in the Denomination of Origin. It has an area of 25 hectares and  <strong>is dedicated exclusively to the production of white wines of the <em>Verdejo<\/em> variety.<\/strong>with a  <strong>planting age<\/strong>  The vineyards are located on a plateau at an altitude of 750 meters above sea level, with perfect conditions for growing grapes.<\/p>\n<p><!-- \/wp:paragraph --><br \/>\n<!-- wp:paragraph --><\/p>\n<p>As <strong>differentiating elements with respect to other Verdejo wines<\/strong> produced in Rueda, it should be noted that the work is based on <strong>low yields<\/strong> to achieve greater grape concentration, working with <strong>indigenous yeasts<\/strong>, <strong>aging on lees<\/strong> and <strong>bottle aging<\/strong>.<\/p>\n<p><!-- \/wp:paragraph --><br \/>\n<!-- wp:paragraph --><\/p>\n","protected":false},"excerpt":{"rendered":"<p>The new vintage of Finca Montepedroso, the 2020, has recently been presented to commemorate the 10th anniversary of this authentic Verdejo. In 2020, the harvest was exceptional in terms of quality and quantity. In addition, the polyphenolic load will give this wine longevity and life, as will be seen in future vertical tastings in which [&hellip;]<\/p>\n","protected":false},"author":3754,"featured_media":68214,"comment_status":"open","ping_status":"open","sticky":false,"template":"","format":"standard","meta":{"iawp_total_views":1,"footnotes":""},"categories":[1552,1882,1910,1553],"tags":[1625,2015,1606,2013,1773,2017,2011],"class_list":["post-69569","post","type-post","status-publish","format-standard","has-post-thumbnail","hentry","category-familia-martinez-bujanda-en","category-finca-montepedroso-en","category-no-category","category-our-wines","tag-do-rueda-en","tag-familia-martinez-bujanda-en","tag-rueda-en","tag-tenth-anniversary","tag-verdejo-en-2","tag-verdejo-on-lees","tag-vertical-tasting-verdejos","entry","has-media","owp-thumbs-layout-horizontal","owp-btn-normal","owp-tabs-layout-horizontal","has-no-thumbnails"],"yoast_head":"<!-- This site is optimized with the Yoast SEO plugin v27.0 - https:\/\/yoast.com\/product\/yoast-seo-wordpress\/ -->\n<title>Finca Montepedroso celebrates its &quot;X Anniversary&quot;. | Familia Mart\u00ednez Bujanda<\/title>\n<meta name=\"description\" content=\"{:es}Finca Montepedroso, owned by Familia Martinez Bujanda, celebrates its tenth anniversary. A Verdejo on lees, with great cellaring capacity.{:}\" \/>\n<meta name=\"robots\" content=\"index, follow, max-snippet:-1, max-image-preview:large, max-video-preview:-1\" \/>\n<link rel=\"canonical\" href=\"https:\/\/familiamartinezbujanda.com\/en\/finca-montepedroso-x-anniversary\/\" \/>\n<meta property=\"og:locale\" content=\"en_US\" \/>\n<meta property=\"og:type\" content=\"article\" \/>\n<meta property=\"og:title\" content=\"Finca Montepedroso celebrates its &quot;X Anniversary&quot;. | Familia Mart\u00ednez Bujanda\" \/>\n<meta property=\"og:description\" content=\"{:es}Finca Montepedroso, owned by Familia Martinez Bujanda, celebrates its tenth anniversary. A Verdejo on lees, with great cellaring capacity.{:}\" \/>\n<meta property=\"og:url\" content=\"https:\/\/familiamartinezbujanda.com\/en\/finca-montepedroso-x-anniversary\/\" \/>\n<meta property=\"og:site_name\" content=\"Familia Mart\u00ednez Bujanda\" \/>\n<meta property=\"article:published_time\" content=\"2021-06-10T09:42:24+00:00\" \/>\n<meta property=\"article:modified_time\" content=\"2023-07-10T12:46:03+00:00\" \/>\n<meta property=\"og:image\" content=\"https:\/\/familiamartinezbujanda.com\/wp-content\/uploads\/2021\/06\/Diez-an\u0303adas_2010_2020-scaled-1.jpg\" \/>\n\t<meta property=\"og:image:width\" content=\"2560\" \/>\n\t<meta property=\"og:image:height\" content=\"1241\" \/>\n\t<meta property=\"og:image:type\" content=\"image\/jpeg\" \/>\n<meta name=\"author\" content=\"Patricia Regidor\" \/>\n<meta name=\"twitter:card\" content=\"summary_large_image\" \/>\n<meta name=\"twitter:label1\" content=\"Written by\" \/>\n\t<meta name=\"twitter:data1\" content=\"Patricia Regidor\" \/>\n\t<meta name=\"twitter:label2\" content=\"Est. reading time\" \/>\n\t<meta name=\"twitter:data2\" content=\"2 minutes\" \/>\n<script type=\"application\/ld+json\" class=\"yoast-schema-graph\">{\"@context\":\"https:\/\/schema.org\",\"@graph\":[{\"@type\":\"Article\",\"@id\":\"https:\/\/familiamartinezbujanda.com\/en\/finca-montepedroso-x-anniversary\/#article\",\"isPartOf\":{\"@id\":\"https:\/\/familiamartinezbujanda.com\/en\/finca-montepedroso-x-anniversary\/\"},\"author\":{\"name\":\"Patricia Regidor\",\"@id\":\"https:\/\/familiamartinezbujanda.com\/en\/#\/schema\/person\/a0de5cd908ac9e26722fb5a3b3695484\"},\"headline\":\"Finca Montepedroso celebrates its &#8220;X Anniversary&#8221;.\",\"datePublished\":\"2021-06-10T09:42:24+00:00\",\"dateModified\":\"2023-07-10T12:46:03+00:00\",\"mainEntityOfPage\":{\"@id\":\"https:\/\/familiamartinezbujanda.com\/en\/finca-montepedroso-x-anniversary\/\"},\"wordCount\":425,\"commentCount\":0,\"publisher\":{\"@id\":\"https:\/\/familiamartinezbujanda.com\/en\/#organization\"},\"image\":{\"@id\":\"https:\/\/familiamartinezbujanda.com\/en\/finca-montepedroso-x-anniversary\/#primaryimage\"},\"thumbnailUrl\":\"https:\/\/familiamartinezbujanda.com\/wp-content\/uploads\/2021\/06\/Diez-an\u0303adas_2010_2020-scaled-1.jpg\",\"keywords\":[\"DO Rueda\",\"Familia Martinez Bujanda\",\"Rueda\",\"tenth anniversary\",\"verdejo\",\"verdejo on lees\",\"vertical tasting verdejos\"],\"articleSection\":[\"Familia Mart\u00ednez Bujanda\",\"Finca Montepedroso\",\"No category\",\"Our wines\"],\"inLanguage\":\"en-US\",\"potentialAction\":[{\"@type\":\"CommentAction\",\"name\":\"Comment\",\"target\":[\"https:\/\/familiamartinezbujanda.com\/en\/finca-montepedroso-x-anniversary\/#respond\"]}]},{\"@type\":\"WebPage\",\"@id\":\"https:\/\/familiamartinezbujanda.com\/en\/finca-montepedroso-x-anniversary\/\",\"url\":\"https:\/\/familiamartinezbujanda.com\/en\/finca-montepedroso-x-anniversary\/\",\"name\":\"Finca Montepedroso celebrates its \\\"X Anniversary\\\". | Familia Mart\u00ednez Bujanda\",\"isPartOf\":{\"@id\":\"https:\/\/familiamartinezbujanda.com\/en\/#website\"},\"primaryImageOfPage\":{\"@id\":\"https:\/\/familiamartinezbujanda.com\/en\/finca-montepedroso-x-anniversary\/#primaryimage\"},\"image\":{\"@id\":\"https:\/\/familiamartinezbujanda.com\/en\/finca-montepedroso-x-anniversary\/#primaryimage\"},\"thumbnailUrl\":\"https:\/\/familiamartinezbujanda.com\/wp-content\/uploads\/2021\/06\/Diez-an\u0303adas_2010_2020-scaled-1.jpg\",\"datePublished\":\"2021-06-10T09:42:24+00:00\",\"dateModified\":\"2023-07-10T12:46:03+00:00\",\"description\":\"{:es}Finca Montepedroso, owned by Familia Martinez Bujanda, celebrates its tenth anniversary. A Verdejo on lees, with great cellaring capacity.{:}\",\"breadcrumb\":{\"@id\":\"https:\/\/familiamartinezbujanda.com\/en\/finca-montepedroso-x-anniversary\/#breadcrumb\"},\"inLanguage\":\"en-US\",\"potentialAction\":[{\"@type\":\"ReadAction\",\"target\":[\"https:\/\/familiamartinezbujanda.com\/en\/finca-montepedroso-x-anniversary\/\"]}]},{\"@type\":\"ImageObject\",\"inLanguage\":\"en-US\",\"@id\":\"https:\/\/familiamartinezbujanda.com\/en\/finca-montepedroso-x-anniversary\/#primaryimage\",\"url\":\"https:\/\/familiamartinezbujanda.com\/wp-content\/uploads\/2021\/06\/Diez-an\u0303adas_2010_2020-scaled-1.jpg\",\"contentUrl\":\"https:\/\/familiamartinezbujanda.com\/wp-content\/uploads\/2021\/06\/Diez-an\u0303adas_2010_2020-scaled-1.jpg\",\"width\":2560,\"height\":1241,\"caption\":\"Finca Montepedroso celebra su \u201cX Aniversario\u201d\"},{\"@type\":\"BreadcrumbList\",\"@id\":\"https:\/\/familiamartinezbujanda.com\/en\/finca-montepedroso-x-anniversary\/#breadcrumb\",\"itemListElement\":[{\"@type\":\"ListItem\",\"position\":1,\"name\":\"Portada\",\"item\":\"https:\/\/familiamartinezbujanda.com\/en\/inicio\/\"},{\"@type\":\"ListItem\",\"position\":2,\"name\":\"Finca Montepedroso celebrates its &#8220;X Anniversary&#8221;.\"}]},{\"@type\":\"WebSite\",\"@id\":\"https:\/\/familiamartinezbujanda.com\/en\/#website\",\"url\":\"https:\/\/familiamartinezbujanda.com\/en\/\",\"name\":\"Familia Mart\u00ednez Bujanda\",\"description\":\"Cinco bodegas conforman Familia Mart\u00ednez-Bujanda: Finca Valpiedra (DOCa Rioja), Finca Antigua (DO La Mancha), Finca Montepedroso (DO Rueda), Vi\u00f1a Bujanda ...\",\"publisher\":{\"@id\":\"https:\/\/familiamartinezbujanda.com\/en\/#organization\"},\"potentialAction\":[{\"@type\":\"SearchAction\",\"target\":{\"@type\":\"EntryPoint\",\"urlTemplate\":\"https:\/\/familiamartinezbujanda.com\/en\/?s={search_term_string}\"},\"query-input\":{\"@type\":\"PropertyValueSpecification\",\"valueRequired\":true,\"valueName\":\"search_term_string\"}}],\"inLanguage\":\"en-US\"},{\"@type\":\"Organization\",\"@id\":\"https:\/\/familiamartinezbujanda.com\/en\/#organization\",\"name\":\"Familia Mart\u00ednez Bujanda\",\"url\":\"https:\/\/familiamartinezbujanda.com\/en\/\",\"logo\":{\"@type\":\"ImageObject\",\"inLanguage\":\"en-US\",\"@id\":\"https:\/\/familiamartinezbujanda.com\/en\/#\/schema\/logo\/image\/\",\"url\":\"https:\/\/www.familiamartinezbujanda.com\/wp-content\/uploads\/2022\/06\/favicon.jpg\",\"contentUrl\":\"https:\/\/www.familiamartinezbujanda.com\/wp-content\/uploads\/2022\/06\/favicon.jpg\",\"width\":512,\"height\":512,\"caption\":\"Familia Mart\u00ednez Bujanda\"},\"image\":{\"@id\":\"https:\/\/familiamartinezbujanda.com\/en\/#\/schema\/logo\/image\/\"}},{\"@type\":\"Person\",\"@id\":\"https:\/\/familiamartinezbujanda.com\/en\/#\/schema\/person\/a0de5cd908ac9e26722fb5a3b3695484\",\"name\":\"Patricia Regidor\",\"image\":{\"@type\":\"ImageObject\",\"inLanguage\":\"en-US\",\"@id\":\"https:\/\/familiamartinezbujanda.com\/en\/#\/schema\/person\/image\/\",\"url\":\"https:\/\/secure.gravatar.com\/avatar\/a596c6b53eda7e1d9627342f0e2806c8ea0ece6b92357b70e2c9826c1c70aafd?s=96&d=mm&r=g\",\"contentUrl\":\"https:\/\/secure.gravatar.com\/avatar\/a596c6b53eda7e1d9627342f0e2806c8ea0ece6b92357b70e2c9826c1c70aafd?s=96&d=mm&r=g\",\"caption\":\"Patricia Regidor\"}}]}<\/script>\n<!-- \/ Yoast SEO plugin. -->","yoast_head_json":{"title":"Finca Montepedroso celebrates its \"X Anniversary\". | Familia Mart\u00ednez Bujanda","description":"{:es}Finca Montepedroso, owned by Familia Martinez Bujanda, celebrates its tenth anniversary. A Verdejo on lees, with great cellaring capacity.{:}","robots":{"index":"index","follow":"follow","max-snippet":"max-snippet:-1","max-image-preview":"max-image-preview:large","max-video-preview":"max-video-preview:-1"},"canonical":"https:\/\/familiamartinezbujanda.com\/en\/finca-montepedroso-x-anniversary\/","og_locale":"en_US","og_type":"article","og_title":"Finca Montepedroso celebrates its \"X Anniversary\". | Familia Mart\u00ednez Bujanda","og_description":"{:es}Finca Montepedroso, owned by Familia Martinez Bujanda, celebrates its tenth anniversary. A Verdejo on lees, with great cellaring capacity.{:}","og_url":"https:\/\/familiamartinezbujanda.com\/en\/finca-montepedroso-x-anniversary\/","og_site_name":"Familia Mart\u00ednez Bujanda","article_published_time":"2021-06-10T09:42:24+00:00","article_modified_time":"2023-07-10T12:46:03+00:00","og_image":[{"width":2560,"height":1241,"url":"https:\/\/familiamartinezbujanda.com\/wp-content\/uploads\/2021\/06\/Diez-an\u0303adas_2010_2020-scaled-1.jpg","type":"image\/jpeg"}],"author":"Patricia Regidor","twitter_card":"summary_large_image","twitter_misc":{"Written by":"Patricia Regidor","Est. reading time":"2 minutes"},"schema":{"@context":"https:\/\/schema.org","@graph":[{"@type":"Article","@id":"https:\/\/familiamartinezbujanda.com\/en\/finca-montepedroso-x-anniversary\/#article","isPartOf":{"@id":"https:\/\/familiamartinezbujanda.com\/en\/finca-montepedroso-x-anniversary\/"},"author":{"name":"Patricia Regidor","@id":"https:\/\/familiamartinezbujanda.com\/en\/#\/schema\/person\/a0de5cd908ac9e26722fb5a3b3695484"},"headline":"Finca Montepedroso celebrates its &#8220;X Anniversary&#8221;.","datePublished":"2021-06-10T09:42:24+00:00","dateModified":"2023-07-10T12:46:03+00:00","mainEntityOfPage":{"@id":"https:\/\/familiamartinezbujanda.com\/en\/finca-montepedroso-x-anniversary\/"},"wordCount":425,"commentCount":0,"publisher":{"@id":"https:\/\/familiamartinezbujanda.com\/en\/#organization"},"image":{"@id":"https:\/\/familiamartinezbujanda.com\/en\/finca-montepedroso-x-anniversary\/#primaryimage"},"thumbnailUrl":"https:\/\/familiamartinezbujanda.com\/wp-content\/uploads\/2021\/06\/Diez-an\u0303adas_2010_2020-scaled-1.jpg","keywords":["DO Rueda","Familia Martinez Bujanda","Rueda","tenth anniversary","verdejo","verdejo on lees","vertical tasting verdejos"],"articleSection":["Familia Mart\u00ednez Bujanda","Finca Montepedroso","No category","Our wines"],"inLanguage":"en-US","potentialAction":[{"@type":"CommentAction","name":"Comment","target":["https:\/\/familiamartinezbujanda.com\/en\/finca-montepedroso-x-anniversary\/#respond"]}]},{"@type":"WebPage","@id":"https:\/\/familiamartinezbujanda.com\/en\/finca-montepedroso-x-anniversary\/","url":"https:\/\/familiamartinezbujanda.com\/en\/finca-montepedroso-x-anniversary\/","name":"Finca Montepedroso celebrates its \"X Anniversary\". | Familia Mart\u00ednez Bujanda","isPartOf":{"@id":"https:\/\/familiamartinezbujanda.com\/en\/#website"},"primaryImageOfPage":{"@id":"https:\/\/familiamartinezbujanda.com\/en\/finca-montepedroso-x-anniversary\/#primaryimage"},"image":{"@id":"https:\/\/familiamartinezbujanda.com\/en\/finca-montepedroso-x-anniversary\/#primaryimage"},"thumbnailUrl":"https:\/\/familiamartinezbujanda.com\/wp-content\/uploads\/2021\/06\/Diez-an\u0303adas_2010_2020-scaled-1.jpg","datePublished":"2021-06-10T09:42:24+00:00","dateModified":"2023-07-10T12:46:03+00:00","description":"{:es}Finca Montepedroso, owned by Familia Martinez Bujanda, celebrates its tenth anniversary. A Verdejo on lees, with great cellaring capacity.{:}","breadcrumb":{"@id":"https:\/\/familiamartinezbujanda.com\/en\/finca-montepedroso-x-anniversary\/#breadcrumb"},"inLanguage":"en-US","potentialAction":[{"@type":"ReadAction","target":["https:\/\/familiamartinezbujanda.com\/en\/finca-montepedroso-x-anniversary\/"]}]},{"@type":"ImageObject","inLanguage":"en-US","@id":"https:\/\/familiamartinezbujanda.com\/en\/finca-montepedroso-x-anniversary\/#primaryimage","url":"https:\/\/familiamartinezbujanda.com\/wp-content\/uploads\/2021\/06\/Diez-an\u0303adas_2010_2020-scaled-1.jpg","contentUrl":"https:\/\/familiamartinezbujanda.com\/wp-content\/uploads\/2021\/06\/Diez-an\u0303adas_2010_2020-scaled-1.jpg","width":2560,"height":1241,"caption":"Finca Montepedroso celebra su \u201cX Aniversario\u201d"},{"@type":"BreadcrumbList","@id":"https:\/\/familiamartinezbujanda.com\/en\/finca-montepedroso-x-anniversary\/#breadcrumb","itemListElement":[{"@type":"ListItem","position":1,"name":"Portada","item":"https:\/\/familiamartinezbujanda.com\/en\/inicio\/"},{"@type":"ListItem","position":2,"name":"Finca Montepedroso celebrates its &#8220;X Anniversary&#8221;."}]},{"@type":"WebSite","@id":"https:\/\/familiamartinezbujanda.com\/en\/#website","url":"https:\/\/familiamartinezbujanda.com\/en\/","name":"Familia Mart\u00ednez Bujanda","description":"Cinco bodegas conforman Familia Mart\u00ednez-Bujanda: Finca Valpiedra (DOCa Rioja), Finca Antigua (DO La Mancha), Finca Montepedroso (DO Rueda), Vi\u00f1a Bujanda ...","publisher":{"@id":"https:\/\/familiamartinezbujanda.com\/en\/#organization"},"potentialAction":[{"@type":"SearchAction","target":{"@type":"EntryPoint","urlTemplate":"https:\/\/familiamartinezbujanda.com\/en\/?s={search_term_string}"},"query-input":{"@type":"PropertyValueSpecification","valueRequired":true,"valueName":"search_term_string"}}],"inLanguage":"en-US"},{"@type":"Organization","@id":"https:\/\/familiamartinezbujanda.com\/en\/#organization","name":"Familia Mart\u00ednez Bujanda","url":"https:\/\/familiamartinezbujanda.com\/en\/","logo":{"@type":"ImageObject","inLanguage":"en-US","@id":"https:\/\/familiamartinezbujanda.com\/en\/#\/schema\/logo\/image\/","url":"https:\/\/www.familiamartinezbujanda.com\/wp-content\/uploads\/2022\/06\/favicon.jpg","contentUrl":"https:\/\/www.familiamartinezbujanda.com\/wp-content\/uploads\/2022\/06\/favicon.jpg","width":512,"height":512,"caption":"Familia Mart\u00ednez Bujanda"},"image":{"@id":"https:\/\/familiamartinezbujanda.com\/en\/#\/schema\/logo\/image\/"}},{"@type":"Person","@id":"https:\/\/familiamartinezbujanda.com\/en\/#\/schema\/person\/a0de5cd908ac9e26722fb5a3b3695484","name":"Patricia Regidor","image":{"@type":"ImageObject","inLanguage":"en-US","@id":"https:\/\/familiamartinezbujanda.com\/en\/#\/schema\/person\/image\/","url":"https:\/\/secure.gravatar.com\/avatar\/a596c6b53eda7e1d9627342f0e2806c8ea0ece6b92357b70e2c9826c1c70aafd?s=96&d=mm&r=g","contentUrl":"https:\/\/secure.gravatar.com\/avatar\/a596c6b53eda7e1d9627342f0e2806c8ea0ece6b92357b70e2c9826c1c70aafd?s=96&d=mm&r=g","caption":"Patricia Regidor"}}]}},"_links":{"self":[{"href":"https:\/\/familiamartinezbujanda.com\/en\/wp-json\/wp\/v2\/posts\/69569","targetHints":{"allow":["GET"]}}],"collection":[{"href":"https:\/\/familiamartinezbujanda.com\/en\/wp-json\/wp\/v2\/posts"}],"about":[{"href":"https:\/\/familiamartinezbujanda.com\/en\/wp-json\/wp\/v2\/types\/post"}],"author":[{"embeddable":true,"href":"https:\/\/familiamartinezbujanda.com\/en\/wp-json\/wp\/v2\/users\/3754"}],"replies":[{"embeddable":true,"href":"https:\/\/familiamartinezbujanda.com\/en\/wp-json\/wp\/v2\/comments?post=69569"}],"version-history":[{"count":0,"href":"https:\/\/familiamartinezbujanda.com\/en\/wp-json\/wp\/v2\/posts\/69569\/revisions"}],"wp:featuredmedia":[{"embeddable":true,"href":"https:\/\/familiamartinezbujanda.com\/en\/wp-json\/wp\/v2\/media\/68214"}],"wp:attachment":[{"href":"https:\/\/familiamartinezbujanda.com\/en\/wp-json\/wp\/v2\/media?parent=69569"}],"wp:term":[{"taxonomy":"category","embeddable":true,"href":"https:\/\/familiamartinezbujanda.com\/en\/wp-json\/wp\/v2\/categories?post=69569"},{"taxonomy":"post_tag","embeddable":true,"href":"https:\/\/familiamartinezbujanda.com\/en\/wp-json\/wp\/v2\/tags?post=69569"}],"curies":[{"name":"wp","href":"https:\/\/api.w.org\/{rel}","templated":true}]}}